{"id":58618,"date":"2023-08-11T13:27:00","date_gmt":"2023-08-11T18:27:00","guid":{"rendered":"http:\/\/www.zonaroja.com.mx\/?p=58618"},"modified":"2023-08-11T08:28:44","modified_gmt":"2023-08-11T13:28:44","slug":"se-reduce-la-pobreza-en-mexico-pero-aumentan-las-carencias-coneval","status":"publish","type":"post","link":"https:\/\/zonaroja.com.mx\/?p=58618","title":{"rendered":"Se reduce la pobreza en M\u00e9xico pero aumentan las carencias: Coneval"},"content":{"rendered":"\n<p>Redacci\u00f3n\/Zona Roja Cdmx.<\/p>\n\n\n\n<p>Ciudad de M\u00e9xico, a 11 de agosto de 2023.- Entre el 2016 y 2022, cerca 5.4 millones de personas salieron de la pobreza en M\u00e9xico, es decir, de los 52.2 millones que presentaban carencias econ\u00f3micas y sociales en 2016, se redujo a 46.8 millones para 2022, seg\u00fan datos del Consejo Nacional de Evaluaci\u00f3n de la Pol\u00edtica de Desarrollo Social (Coneval).<\/p>\n\n\n\n<p>A su vez, las cifras del Coneval indican que la poblaci\u00f3n en situaci\u00f3n de pobreza extrema tambi\u00e9n aument\u00f3 en el mismo lapso de 8.7 a 9.1 millones, es decir, hubo un alza 400,000 personas que no ten\u00edan los recursos suficientes para satisfacer sus necesidades de alimento.<\/p>\n\n\n\n<p>En tanto, la poblaci\u00f3n que presenta al menos tres carencias sociales fue, entre 2016 y 2020, de 82.7 a 84.7 millones de personas.<\/p>\n\n\n\n<p>Asimismo, para el cierre de 2022, hab\u00eda, al menos, 37.7 millones de personas con pobreza moderada.<\/p>\n\n\n\n<p>En general, los datos del Coneval indican que, en 2022, aproximadamente 36 de cada 100 personas en M\u00e9xico presentaban al menos una carencia social y ten\u00edan un ingreso mensual insuficiente para adquirir alimentos, bienes y servicios necesarios (valor de las canastas alimentaria m\u00e1s no alimentaria).<\/p>\n\n\n\n<p>POR GRUPO POBLACIONAL<\/p>\n\n\n\n<p>Es de resaltar que al igual que a\u00f1os anteriores, es la poblaci\u00f3n ind\u00edgena la que m\u00e1s sufre pobreza. Los datos detallan que, en 2022, 65.2% de los ind\u00edgenas est\u00e1 en situaci\u00f3n de pobreza.<\/p>\n\n\n\n<p>En tanto, 41.2% de las personas con discapacidad tambi\u00e9n presenta alg\u00fan nivel de pobreza. Mientras que gran parte de la poblaci\u00f3n infantil y menor de edad sufre carencias; 48.1% de los ni\u00f1os menores de 5 a\u00f1os; 47% de la poblaci\u00f3n de entre 6 y 11 a\u00f1os y 42% de las personas de entre 12 y 17 a\u00f1os son pobres.<\/p>\n\n\n\n<p>Se indic\u00f3 que el a\u00f1o pasado aproximadamente 43 de cada 100 personas en M\u00e9xico no contaban con los recursos suficientes para adquirir servicios b\u00e1sicos, esto quiere decir que en las zonas urbanas, las personas contaban con un un ingreso inferior a 4,158.35 pesos mensuales, mientras que en las zonas rurales fue de tan s\u00f3lo 2,970.76 pesos mensuales.<\/p>\n\n\n\n<p>En cuanto al porcentaje de la poblaci\u00f3n con un ingreso inferior a la L\u00ednea de Pobreza Extrema por Ingresos (LPEI), es decir, que no pueden adquirir el valor monetario de la canasta alimentaria, pas\u00f3 de 14.9% a 12.1% entre 2016 y 2022.<\/p>\n\n\n\n<p>EFECTOS DE PROGRAMAS SOCIALES<\/p>\n\n\n\n<p>En este sentido, el Coneval resalt\u00f3 el efecto que han tenido las transferencias econ\u00f3micas de los programas sociales.<\/p>\n\n\n\n<p>Los datos se\u00f1alan que de no haber recibido alg\u00fan apoyo econ\u00f3mico por parte del gobierno en 2022, el porcentaje de la poblaci\u00f3n en situaci\u00f3n de pobreza pasar\u00eda de 36.3% a m\u00e1s de 39%, es decir, de 46.8 millones a m\u00e1s de 50.3 millones de mexicanos con carencias.<\/p>\n\n\n\n<p>Mientras que en el \u00e1mbito de pobreza extrema, el porcentaje poblacional se incrementar\u00eda de 7.1% a 8.9%, lo que se traduce en un alza de 9.1 millones a 11.5 millones de mexicanos extremadamente pobres.<\/p>\n\n\n\n<p>Con el fin de seguir mejorando y que cada vez sean menos los mexicanos que padezcan por servicios y alimentos, el Coneval recomend\u00f3 mejorar la progresividad de las transferencias p\u00fablicas y programas sociales.<\/p>\n\n\n\n<p>Y, en particular, asegurar la inclusi\u00f3n de las personas en situaci\u00f3n de pobreza extrema, con especial atenci\u00f3n a la poblaci\u00f3n sin seguridad social y aquellos de menores ingresos.<\/p>\n\n\n\n<p>(Informaci\u00f3n de \u201cEl Economista\u201d)<\/p>\n","protected":false},"excerpt":{"rendered":"<p>Redacci\u00f3n\/Zona Roja Cdmx. Ciudad de M\u00e9xico, a 11 de agosto de 2023.- Entre el 2016&hellip;<\/p>\n","protected":false},"author":2,"featured_media":53615,"comment_status":"closed","ping_status":"open","sticky":false,"template":"","format":"standard","meta":{"_lmt_disableupdate":"","_lmt_disable":"","_jetpack_memberships_contains_paid_content":false,"footnotes":""},"categories":[109,47],"tags":[1863],"class_list":["post-58618","post","type-post","status-publish","format-standard","has-post-thumbnail","hentry","category-minuto-a-minuto","category-zona-gris","tag-consejo-nacional-de-evaluacion-de-la-politica-de-desarrollo-social-coneval"],"jetpack_featured_media_url":"https:\/\/zonaroja.com.mx\/wp-content\/uploads\/2023\/04\/Pobreza-en-Oaxaca-2.jpeg","jetpack_sharing_enabled":true,"_links":{"self":[{"href":"https:\/\/zonaroja.com.mx\/index.php?rest_route=\/wp\/v2\/posts\/58618","targetHints":{"allow":["GET"]}}],"collection":[{"href":"https:\/\/zonaroja.com.mx\/index.php?rest_route=\/wp\/v2\/posts"}],"about":[{"href":"https:\/\/zonaroja.com.mx\/index.php?rest_route=\/wp\/v2\/types\/post"}],"author":[{"embeddable":true,"href":"https:\/\/zonaroja.com.mx\/index.php?rest_route=\/wp\/v2\/users\/2"}],"replies":[{"embeddable":true,"href":"https:\/\/zonaroja.com.mx\/index.php?rest_route=%2Fwp%2Fv2%2Fcomments&post=58618"}],"version-history":[{"count":1,"href":"https:\/\/zonaroja.com.mx\/index.php?rest_route=\/wp\/v2\/posts\/58618\/revisions"}],"predecessor-version":[{"id":58619,"href":"https:\/\/zonaroja.com.mx\/index.php?rest_route=\/wp\/v2\/posts\/58618\/revisions\/58619"}],"wp:featuredmedia":[{"embeddable":true,"href":"https:\/\/zonaroja.com.mx\/index.php?rest_route=\/wp\/v2\/media\/53615"}],"wp:attachment":[{"href":"https:\/\/zonaroja.com.mx\/index.php?rest_route=%2Fwp%2Fv2%2Fmedia&parent=58618"}],"wp:term":[{"taxonomy":"category","embeddable":true,"href":"https:\/\/zonaroja.com.mx\/index.php?rest_route=%2Fwp%2Fv2%2Fcategories&post=58618"},{"taxonomy":"post_tag","embeddable":true,"href":"https:\/\/zonaroja.com.mx\/index.php?rest_route=%2Fwp%2Fv2%2Ftags&post=58618"}],"curies":[{"name":"wp","href":"https:\/\/api.w.org\/{rel}","templated":true}]}}