{"id":58625,"date":"2023-08-11T16:58:18","date_gmt":"2023-08-11T21:58:18","guid":{"rendered":"http:\/\/www.zonaroja.com.mx\/?p=58625"},"modified":"2023-08-11T17:06:50","modified_gmt":"2023-08-11T22:06:50","slug":"padrastro-habria-dado-muerte-a-menor-de-4-anos-fiscalia-indaga-el-caso","status":"publish","type":"post","link":"https:\/\/zonaroja.com.mx\/?p=58625","title":{"rendered":"Padrastro habr\u00eda dado muerte a menor de 4 a\u00f1os; Fiscal\u00eda indaga el caso"},"content":{"rendered":"\n<p>Redacci\u00f3n\/Zona Roja.<\/p>\n\n\n\n<p>Oaxaca de Ju\u00e1rez, Oax., a 11 de agosto de 2023.- La Fiscal\u00eda General del Estado de Oaxaca cuenta con s\u00f3lidas l\u00edneas de investigaci\u00f3n en el caso de la muerte de un ni\u00f1o de cuatro a\u00f1os -de quien se reserva su identidad-, ocurrida en la capital del estado.<\/p>\n\n\n\n<p>La Fiscal\u00eda Especializada para la Atenci\u00f3n a Delitos contra la Mujer por Raz\u00f3n de G\u00e9nero, a trav\u00e9s de la Unidad de Delitos contra Ni\u00f1as, Ni\u00f1os y Adolescentes, conjuntamente con personal del Instituto de Servicios Periciales y la Agencia Estatal de Investigaciones realizaron las diligencias legales y cient\u00edficas correspondientes en el lugar de los hechos.<\/p>\n\n\n\n<p>De acuerdo con las primeras investigaciones, el ni\u00f1o habr\u00eda sido llevado a una farmacia de Similares ubicada en la colonia del Maestro para recibir atenci\u00f3n m\u00e9dica, sin embargo, el especialista se percat\u00f3 que ya no ten\u00eda signos vitales, por lo que dio parte a las autoridades.<\/p>\n\n\n\n<p>Ante ello, la FGEO traslad\u00f3 un equipo multidisciplinario para allegarse de pruebas para esclarecer las circunstancias y motivos de muerte del menor, por lo que se cuentan con s\u00f3lidas l\u00edneas de investigaci\u00f3n que permitir\u00e1n a la brevedad, proceder ante el Juez.<\/p>\n\n\n\n<p>La Fiscal\u00eda General del Estado reitera su compromiso de realizar todas las acciones necesarias que permitan brindar acceso a la procuraci\u00f3n de justicia a las v\u00edctimas directas e indirectas de delitos cometidos contra ni\u00f1as, ni\u00f1os y adolescentes, pues esto permite evitar la repetici\u00f3n de hechos que lesionan a la sociedad en su conjunto.<\/p>\n\n\n\n<figure class=\"wp-block-embed is-type-rich is-provider-twitter wp-block-embed-twitter\"><div class=\"wp-block-embed__wrapper\">\n<div class=\"twitter-tweet\"><blockquote class=\"twitter-tweet\" data-lang=\"es\"><p lang=\"es\" dir=\"ltr\">Sobre el caso del menor muerto, al parecer a causa de golpes, la <a href=\"https:\/\/twitter.com\/FISCALIA_GobOax?ref_src=twsrc%5Etfw\">@FISCALIA_GobOax<\/a> detuvo a una persona de nombre Juan Carlos \u201cN\u201d, por su probable responsabilidad en el homicidio registrado hoy en la colonia del Maestro de la ciudad de Oaxaca. <br>Foto: Cortes\u00eda. <a href=\"https:\/\/t.co\/kiwCHXSjFI\">pic.twitter.com\/kiwCHXSjFI<\/a><\/p>&mdash; Zona Roja Oaxaca (@ZonaRoja_Oaxaca) <a href=\"https:\/\/twitter.com\/ZonaRoja_Oaxaca\/status\/1690117713446764544?ref_src=twsrc%5Etfw\">11 de agosto de 2023<\/a><\/blockquote><\/div>\n<\/div><\/figure>\n","protected":false},"excerpt":{"rendered":"<p>Redacci\u00f3n\/Zona Roja. Oaxaca de Ju\u00e1rez, Oax., a 11 de agosto de 2023.- La Fiscal\u00eda General&hellip;<\/p>\n","protected":false},"author":2,"featured_media":58628,"comment_status":"closed","ping_status":"open","sticky":false,"template":"","format":"standard","meta":{"_lmt_disableupdate":"","_lmt_disable":"","_jetpack_memberships_contains_paid_content":false,"footnotes":""},"categories":[109,46],"tags":[494],"class_list":["post-58625","post","type-post","status-publish","format-standard","has-post-thumbnail","hentry","category-minuto-a-minuto","category-zona-blanca","tag-fiscalia-general-del-estado-de-oaxaca"],"jetpack_featured_media_url":"https:\/\/zonaroja.com.mx\/wp-content\/uploads\/2023\/08\/Menor-de-edad-muerto-colonia-del-Maestro-Oaxaca.jpg","jetpack_sharing_enabled":true,"_links":{"self":[{"href":"https:\/\/zonaroja.com.mx\/index.php?rest_route=\/wp\/v2\/posts\/58625","targetHints":{"allow":["GET"]}}],"collection":[{"href":"https:\/\/zonaroja.com.mx\/index.php?rest_route=\/wp\/v2\/posts"}],"about":[{"href":"https:\/\/zonaroja.com.mx\/index.php?rest_route=\/wp\/v2\/types\/post"}],"author":[{"embeddable":true,"href":"https:\/\/zonaroja.com.mx\/index.php?rest_route=\/wp\/v2\/users\/2"}],"replies":[{"embeddable":true,"href":"https:\/\/zonaroja.com.mx\/index.php?rest_route=%2Fwp%2Fv2%2Fcomments&post=58625"}],"version-history":[{"count":1,"href":"https:\/\/zonaroja.com.mx\/index.php?rest_route=\/wp\/v2\/posts\/58625\/revisions"}],"predecessor-version":[{"id":58626,"href":"https:\/\/zonaroja.com.mx\/index.php?rest_route=\/wp\/v2\/posts\/58625\/revisions\/58626"}],"wp:featuredmedia":[{"embeddable":true,"href":"https:\/\/zonaroja.com.mx\/index.php?rest_route=\/wp\/v2\/media\/58628"}],"wp:attachment":[{"href":"https:\/\/zonaroja.com.mx\/index.php?rest_route=%2Fwp%2Fv2%2Fmedia&parent=58625"}],"wp:term":[{"taxonomy":"category","embeddable":true,"href":"https:\/\/zonaroja.com.mx\/index.php?rest_route=%2Fwp%2Fv2%2Fcategories&post=58625"},{"taxonomy":"post_tag","embeddable":true,"href":"https:\/\/zonaroja.com.mx\/index.php?rest_route=%2Fwp%2Fv2%2Ftags&post=58625"}],"curies":[{"name":"wp","href":"https:\/\/api.w.org\/{rel}","templated":true}]}}