{"id":58627,"date":"2023-08-11T17:58:00","date_gmt":"2023-08-11T22:58:00","guid":{"rendered":"http:\/\/www.zonaroja.com.mx\/?p=58627"},"modified":"2023-08-11T17:02:02","modified_gmt":"2023-08-11T22:02:02","slug":"desmiente-edil-de-xoxocotlan-obras-fantasma-acusaciones-son-politicas","status":"publish","type":"post","link":"https:\/\/zonaroja.com.mx\/?p=58627","title":{"rendered":"Desmiente edil de Xoxocotl\u00e1n obras \u201cfantasma\u201d; acusaciones son pol\u00edticas"},"content":{"rendered":"\n<p>Yuridiana Sosa\/Zona Roja.<\/p>\n\n\n\n<p>Oaxaca de Ju\u00e1rez, Oax., a 11 de agosto de 2023.- El presidente de Santa Cruz Xoxocotl\u00e1n, Inocente Castellanos Alejos, desminti\u00f3 las acusaciones en su contra sobre la ejecuci\u00f3n de obras \u201cfantasma\u201d y un probable desv\u00edo de recursos, lo cual asegur\u00f3 se tratan de se\u00f1alamientos con tintes pol\u00edticos para demeritar su trabajo.<\/p>\n\n\n\n<p>Desde la colonia Benito Ju\u00e1rez, en la que se difundi\u00f3 se registr\u00f3 una supuesta obra no realizada pero entregada, el edil comprob\u00f3 la existencia de los trabajos de la \u201cAmpliaci\u00f3n de drenaje sanitario en las calles Reforma, Garc\u00eda Vigil, Venustiano Carranza, P\u00edpila y Sabino Crespo\u201d.<\/p>\n\n\n\n<p>La autoridad municipal inform\u00f3 que la obra se aplic\u00f3 en 180 metros lineales, m\u00e1s de lo proyectado en un inicio, con un valor de m\u00e1s de 700 mil pesos en el ejercicio fiscal 2022, con recurso del Fondo de Aportaciones para la Infraestructura Social Municipal y Demarcaciones del Distrito Federal.<\/p>\n\n\n\n<p>\u201cCuando estuve en campa\u00f1a hice compromisos con la ciudadan\u00eda y se han cumplido. Hay obras reales en todas las colonias\u201d, expres\u00f3 el edil, quien agreg\u00f3 que en un a\u00f1o y cinco meses de administraci\u00f3n son cerca de 200 obras que se han ejecutado.<\/p>\n\n\n\n<figure class=\"wp-block-embed is-type-rich is-provider-twitter wp-block-embed-twitter\"><div class=\"wp-block-embed__wrapper\">\n<div class=\"twitter-tweet\"><blockquote class=\"twitter-tweet\" data-lang=\"es\"><p lang=\"es\" dir=\"ltr\">Desde la colonia Benito Ju\u00e1rez y con respaldo de habitantes, el presidente municipal de Santa Cruz Xoxocotl\u00e1n, <a href=\"https:\/\/twitter.com\/DrCCastellanos?ref_src=twsrc%5Etfw\">@DrCCastellanos<\/a>, desminti\u00f3 que en su gobierno halla obras \u201cfantasma\u201d -como se ha difundido- y mostr\u00f3 la introducci\u00f3n de drenaje en calles de este asentamiento.\u2026 <a href=\"https:\/\/t.co\/gmoPguOl4r\">pic.twitter.com\/gmoPguOl4r<\/a><\/p>&mdash; Zona Roja Oaxaca (@ZonaRoja_Oaxaca) <a href=\"https:\/\/twitter.com\/ZonaRoja_Oaxaca\/status\/1690063295087034368?ref_src=twsrc%5Etfw\">11 de agosto de 2023<\/a><\/blockquote><\/div>\n<\/div><\/figure>\n\n\n\n<p>Castellanos Alejos apunt\u00f3 que las falsas acusaciones son ante el trabajo que realiza, con el fin de desacreditar hechos que en otros gobiernos nunca ocurrieron, por lo que presuntamente podr\u00edan venir del ex edil Alejandro L\u00f3pez Jarqu\u00edn, quien gobern\u00f3 por cinco a\u00f1os.<\/p>\n\n\n\n<p>Por lo que ser\u00e1 la ciudadan\u00eda la que decida si continuar\u00e1 al frente del gobierno municipal para la siguiente administraci\u00f3n, o no.<\/p>\n\n\n\n<p>Record\u00f3 que el reporte pasado del Consejo General del \u00d3rgano Garante de Acceso a la Informaci\u00f3n P\u00fablica, Transparencia, Protecci\u00f3n de Datos y Buen Gobierno del Estado de Oaxaca (Ogaipo), Xoxocotl\u00e1n fue el \u00fanico municipio en la entidad que cumpli\u00f3 al 100% con sus obligaciones de transparencia del ejercicio 2022.<\/p>\n\n\n\n<p>Las declaraciones del edil fueron respaldadas de forma independiente por los habitantes de la colonia, quienes atestiguaron la ampliaci\u00f3n del drenaje, obra que hab\u00edan solicitado desde hace varios a\u00f1os sin tener respuesta del gobierno municipal.<\/p>\n\n\n\n<p>De acuerdo a los vecinos, recientemente, simpatizantes de L\u00f3pez Jarqu\u00edn, quienes a su vez se han resistido a dejar sus cargos en la colonia Benito Ju\u00e1rez, realizaron medidas en la obra ejecutada, posiblemente con prop\u00f3sitos contra el gobierno actual.<\/p>\n","protected":false},"excerpt":{"rendered":"<p>Yuridiana Sosa\/Zona Roja. Oaxaca de Ju\u00e1rez, Oax., a 11 de agosto de 2023.- El presidente&hellip;<\/p>\n","protected":false},"author":2,"featured_media":58629,"comment_status":"closed","ping_status":"open","sticky":false,"template":"","format":"standard","meta":{"_lmt_disableupdate":"","_lmt_disable":"","_jetpack_memberships_contains_paid_content":false,"footnotes":""},"categories":[109,46],"tags":[133],"class_list":["post-58627","post","type-post","status-publish","format-standard","has-post-thumbnail","hentry","category-minuto-a-minuto","category-zona-blanca","tag-santa-cruz-xoxocotlan"],"jetpack_featured_media_url":"https:\/\/zonaroja.com.mx\/wp-content\/uploads\/2023\/08\/Inocente-Castellanos-Xoxocotlan.jpg","jetpack_sharing_enabled":true,"_links":{"self":[{"href":"https:\/\/zonaroja.com.mx\/index.php?rest_route=\/wp\/v2\/posts\/58627","targetHints":{"allow":["GET"]}}],"collection":[{"href":"https:\/\/zonaroja.com.mx\/index.php?rest_route=\/wp\/v2\/posts"}],"about":[{"href":"https:\/\/zonaroja.com.mx\/index.php?rest_route=\/wp\/v2\/types\/post"}],"author":[{"embeddable":true,"href":"https:\/\/zonaroja.com.mx\/index.php?rest_route=\/wp\/v2\/users\/2"}],"replies":[{"embeddable":true,"href":"https:\/\/zonaroja.com.mx\/index.php?rest_route=%2Fwp%2Fv2%2Fcomments&post=58627"}],"version-history":[{"count":1,"href":"https:\/\/zonaroja.com.mx\/index.php?rest_route=\/wp\/v2\/posts\/58627\/revisions"}],"predecessor-version":[{"id":58630,"href":"https:\/\/zonaroja.com.mx\/index.php?rest_route=\/wp\/v2\/posts\/58627\/revisions\/58630"}],"wp:featuredmedia":[{"embeddable":true,"href":"https:\/\/zonaroja.com.mx\/index.php?rest_route=\/wp\/v2\/media\/58629"}],"wp:attachment":[{"href":"https:\/\/zonaroja.com.mx\/index.php?rest_route=%2Fwp%2Fv2%2Fmedia&parent=58627"}],"wp:term":[{"taxonomy":"category","embeddable":true,"href":"https:\/\/zonaroja.com.mx\/index.php?rest_route=%2Fwp%2Fv2%2Fcategories&post=58627"},{"taxonomy":"post_tag","embeddable":true,"href":"https:\/\/zonaroja.com.mx\/index.php?rest_route=%2Fwp%2Fv2%2Ftags&post=58627"}],"curies":[{"name":"wp","href":"https:\/\/api.w.org\/{rel}","templated":true}]}}