{"id":58631,"date":"2023-08-11T20:02:00","date_gmt":"2023-08-12T01:02:00","guid":{"rendered":"http:\/\/www.zonaroja.com.mx\/?p=58631"},"modified":"2023-08-11T17:06:04","modified_gmt":"2023-08-11T22:06:04","slug":"van-10-carpetas-de-investigacion-por-violencia-en-zona-triqui-no-habra-impunidad-fiscal","status":"publish","type":"post","link":"https:\/\/zonaroja.com.mx\/?p=58631","title":{"rendered":"Van 10 carpetas de investigaci\u00f3n por violencia en zona Triqui; no habr\u00e1 impunidad: fiscal"},"content":{"rendered":"\n<p>Yuridiana Sosa\/ Zona Roja.<\/p>\n\n\n\n<p>Oaxaca de Ju\u00e1rez, Oax., a 11 de agosto de 2023.- En el transcurso de este a\u00f1o, la Fiscal\u00eda General de Oaxaca ha iniciado 10 carpetas de investigaci\u00f3n por hechos de agresiones y asesinatos en la zona Triqui, de la regi\u00f3n Mixteca de Oaxaca, asegur\u00f3 el fiscal Bernardo Rodr\u00edguez Alamilla.<\/p>\n\n\n\n<p>Ante cualquier acto violento en dicha zona, la Fiscal\u00eda de Oaxaca abre las carpetas de investigaci\u00f3n de facto, y tal es el avance que en algunos casos ya existen \u00f3rdenes de aprehensi\u00f3n que&nbsp;pronto podr\u00e1n ser ejecutadas, asegur\u00f3.<\/p>\n\n\n\n<p>En entrevista colectiva, Rodr\u00edguez Alamilla record\u00f3 que la violencia en esa zona ha dejado v\u00edctimas en todos los grupos que confluyen en ese lugar, y es un tema que compete a diversas instancias del gobierno estatal, pero en lo que le corresponde a la Fiscal\u00eda de Oaxaca se realizan avances importantes.<\/p>\n\n\n\n<p>\u201cAlgunas de las carpetas se encuentran en proceso de ejecutar las \u00f3rdenes de aprehensi\u00f3n y otras en proceso de judicializaci\u00f3n\u201d, recalc\u00f3.<\/p>\n\n\n\n<p>Pues recientemente, ante diversos ataques este a\u00f1o, las organizaciones del MULT y MULTI han se\u00f1alado una supuesta falta de trabajo por parte de la Fiscal\u00eda de Oaxaca para obtener justicia por cada uno de los casos en los que han registrado agresiones y v\u00edctimas.<\/p>\n\n\n\n<figure class=\"wp-block-embed is-type-rich is-provider-twitter wp-block-embed-twitter\"><div class=\"wp-block-embed__wrapper\">\n<div class=\"twitter-tweet\"><blockquote class=\"twitter-tweet\" data-lang=\"es\"><p lang=\"es\" dir=\"ltr\">El titular de la <a href=\"https:\/\/twitter.com\/FiscalOaxaca?ref_src=twsrc%5Etfw\">@FiscalOaxaca<\/a>, <a href=\"https:\/\/twitter.com\/FiscalOaxaca?ref_src=twsrc%5Etfw\">@FiscalOaxaca<\/a>, garantiz\u00f3 que no habr\u00e1 impunidad en los cr\u00edmenes registrados en la zona Triqui de Oaxaca. <br>Adelant\u00f3 que este a\u00f1o hay 10 carpetas de investigaci\u00f3n y se prev\u00e9 la liberaci\u00f3n de diversas \u00f3rdenes de aprehensi\u00f3n. <a href=\"https:\/\/t.co\/eUITuUlZ4L\">pic.twitter.com\/eUITuUlZ4L<\/a><\/p>&mdash; Zona Roja Oaxaca (@ZonaRoja_Oaxaca) <a href=\"https:\/\/twitter.com\/ZonaRoja_Oaxaca\/status\/1690039468152041479?ref_src=twsrc%5Etfw\">11 de agosto de 2023<\/a><\/blockquote><\/div>\n<\/div><\/figure>\n\n\n\n<p>REINGENIER\u00cdA<\/p>\n\n\n\n<p>El Fiscal General, Bernardo Rodr\u00edguez Alamilla, asever\u00f3 que en el proceso de \u201creingenier\u00eda institucional\u201d en este organismo se busca el fortalecimiento y la creaci\u00f3n de diversas \u00e1reas, as\u00ed como la de disminuir los tiempos para levantar una denuncia.<\/p>\n\n\n\n<p>Entre las \u00e1reas fundamentales que se consideran en este nuevo trabajo se encuentra la de atenci\u00f3n por raz\u00f3n de g\u00e9nero y violencia contra las mujeres. Otras son unidades para la atenci\u00f3n a personas defensoras de derechos humanos, crueldad animal y violencia digital<\/p>\n\n\n\n<p>Para fortalecer cada \u00e1rea se capacita y se ofrece formaci\u00f3n especializada a los servidores p\u00fablicos, y en busca de que crezcan la cultura de la denuncia se planea reducir los tiempos en este proceso, que actualmente a veces llega a las seis horas, para que se logre en una hora.<\/p>\n","protected":false},"excerpt":{"rendered":"<p>Yuridiana Sosa\/ Zona Roja. Oaxaca de Ju\u00e1rez, Oax., a 11 de agosto de 2023.- En&hellip;<\/p>\n","protected":false},"author":2,"featured_media":58632,"comment_status":"closed","ping_status":"open","sticky":false,"template":"","format":"standard","meta":{"_lmt_disableupdate":"","_lmt_disable":"","_jetpack_memberships_contains_paid_content":false,"footnotes":""},"categories":[109,46],"tags":[494],"class_list":["post-58631","post","type-post","status-publish","format-standard","has-post-thumbnail","hentry","category-minuto-a-minuto","category-zona-blanca","tag-fiscalia-general-del-estado-de-oaxaca"],"jetpack_featured_media_url":"https:\/\/zonaroja.com.mx\/wp-content\/uploads\/2023\/08\/Establecen-Acuerdo-para-el-Reconocimiento-de-Personas-Defensoras-de-Derechos-Humanos-2.jpeg","jetpack_sharing_enabled":true,"_links":{"self":[{"href":"https:\/\/zonaroja.com.mx\/index.php?rest_route=\/wp\/v2\/posts\/58631","targetHints":{"allow":["GET"]}}],"collection":[{"href":"https:\/\/zonaroja.com.mx\/index.php?rest_route=\/wp\/v2\/posts"}],"about":[{"href":"https:\/\/zonaroja.com.mx\/index.php?rest_route=\/wp\/v2\/types\/post"}],"author":[{"embeddable":true,"href":"https:\/\/zonaroja.com.mx\/index.php?rest_route=\/wp\/v2\/users\/2"}],"replies":[{"embeddable":true,"href":"https:\/\/zonaroja.com.mx\/index.php?rest_route=%2Fwp%2Fv2%2Fcomments&post=58631"}],"version-history":[{"count":1,"href":"https:\/\/zonaroja.com.mx\/index.php?rest_route=\/wp\/v2\/posts\/58631\/revisions"}],"predecessor-version":[{"id":58633,"href":"https:\/\/zonaroja.com.mx\/index.php?rest_route=\/wp\/v2\/posts\/58631\/revisions\/58633"}],"wp:featuredmedia":[{"embeddable":true,"href":"https:\/\/zonaroja.com.mx\/index.php?rest_route=\/wp\/v2\/media\/58632"}],"wp:attachment":[{"href":"https:\/\/zonaroja.com.mx\/index.php?rest_route=%2Fwp%2Fv2%2Fmedia&parent=58631"}],"wp:term":[{"taxonomy":"category","embeddable":true,"href":"https:\/\/zonaroja.com.mx\/index.php?rest_route=%2Fwp%2Fv2%2Fcategories&post=58631"},{"taxonomy":"post_tag","embeddable":true,"href":"https:\/\/zonaroja.com.mx\/index.php?rest_route=%2Fwp%2Fv2%2Ftags&post=58631"}],"curies":[{"name":"wp","href":"https:\/\/api.w.org\/{rel}","templated":true}]}}