{"id":58649,"date":"2023-08-12T11:00:00","date_gmt":"2023-08-12T16:00:00","guid":{"rendered":"http:\/\/www.zonaroja.com.mx\/?p=58649"},"modified":"2023-08-12T08:02:37","modified_gmt":"2023-08-12T13:02:37","slug":"se-triplican-casos-de-dengue-en-mexico-oaxaca-primer-lugar-en-muertes","status":"publish","type":"post","link":"https:\/\/zonaroja.com.mx\/?p=58649","title":{"rendered":"Se triplican casos de dengue en M\u00e9xico; Oaxaca, primer lugar en muertes"},"content":{"rendered":"\n<p>Redacci\u00f3n\/Zona Roja.<\/p>\n\n\n\n<p>Oaxaca de Ju\u00e1rez, Oax., a 12 de agosto de 2023.- La Secretar\u00eda de Salud federal inform\u00f3 que en lo que va del a\u00f1o, los casos de dengue triplican a los reportados en el mismo periodo de 2022, mientras que los decesos confirmados suman 13.<\/p>\n\n\n\n<p>En el caso de Oaxaca, acumula en ese lapso cinco mil 67 casos probables, de los cuales 440 se han confirmado, lo que lo sit\u00faa en el cuarto lugar a nivel nacional.<\/p>\n\n\n\n<p>En tanto, en el pa\u00eds se han notificado 212 defunciones por probable dengue, con 13 confirmados; en la entidad son tres casos comprobados y nueve a\u00fan en estudio.<\/p>\n\n\n\n<p>El reporte m\u00e1s reciente de la Situaci\u00f3n Epidemiol\u00f3gica del Dengue en M\u00e9xico, indica que en M\u00e9xico los contagios son ocho mil 291, de los cuales tres mil 717, es decir 44 por ciento, corresponde a dengue con signos de alarma o grave.<\/p>\n\n\n\n<p>En la semana epidemiol\u00f3gica 31 (31 de julio al 6 de agosto) se reportan 249 casos confirmados de dengue grave, frente a 97 de la misma semana pero en 2022.&nbsp;<\/p>\n\n\n\n<p>Los casos de dengue con signos de alarma se dispararon a 3 mil 468 en ese periodo, mientras que en 2022 se reportaron 966 contagios.<\/p>\n\n\n\n<p>De acuerdo con los datos de la DGE, hasta la semana epidemiol\u00f3gica 31 (con corte al 9 de agosto), 73 por ciento de los casos confirmados del pa\u00eds se concentran en Quintana Roo (Mil 806); Veracruz (mil 498); Yucat\u00e1n (mil 392); Puebla (718) y Morelos (649). Los decesos se han registrado en Oaxaca (3), Quintana Roo (3), Guerrero (2), Yucat\u00e1n (2), Chiapas (1), Morelos (1) y Nayarit (1).<\/p>\n\n\n\n<p>(Con informaci\u00f3n de \u201cLa Jornada\u201d)<\/p>\n","protected":false},"excerpt":{"rendered":"<p>Redacci\u00f3n\/Zona Roja. Oaxaca de Ju\u00e1rez, Oax., a 12 de agosto de 2023.- La Secretar\u00eda de&hellip;<\/p>\n","protected":false},"author":2,"featured_media":7482,"comment_status":"closed","ping_status":"open","sticky":false,"template":"","format":"standard","meta":{"_lmt_disableupdate":"","_lmt_disable":"","_jetpack_memberships_contains_paid_content":false,"footnotes":""},"categories":[109,47],"tags":[804],"class_list":["post-58649","post","type-post","status-publish","format-standard","has-post-thumbnail","hentry","category-minuto-a-minuto","category-zona-gris","tag-dengue-en-oaxaca"],"jetpack_featured_media_url":"https:\/\/zonaroja.com.mx\/wp-content\/uploads\/2020\/01\/Dengue1.jpg","jetpack_sharing_enabled":true,"_links":{"self":[{"href":"https:\/\/zonaroja.com.mx\/index.php?rest_route=\/wp\/v2\/posts\/58649","targetHints":{"allow":["GET"]}}],"collection":[{"href":"https:\/\/zonaroja.com.mx\/index.php?rest_route=\/wp\/v2\/posts"}],"about":[{"href":"https:\/\/zonaroja.com.mx\/index.php?rest_route=\/wp\/v2\/types\/post"}],"author":[{"embeddable":true,"href":"https:\/\/zonaroja.com.mx\/index.php?rest_route=\/wp\/v2\/users\/2"}],"replies":[{"embeddable":true,"href":"https:\/\/zonaroja.com.mx\/index.php?rest_route=%2Fwp%2Fv2%2Fcomments&post=58649"}],"version-history":[{"count":1,"href":"https:\/\/zonaroja.com.mx\/index.php?rest_route=\/wp\/v2\/posts\/58649\/revisions"}],"predecessor-version":[{"id":58650,"href":"https:\/\/zonaroja.com.mx\/index.php?rest_route=\/wp\/v2\/posts\/58649\/revisions\/58650"}],"wp:featuredmedia":[{"embeddable":true,"href":"https:\/\/zonaroja.com.mx\/index.php?rest_route=\/wp\/v2\/media\/7482"}],"wp:attachment":[{"href":"https:\/\/zonaroja.com.mx\/index.php?rest_route=%2Fwp%2Fv2%2Fmedia&parent=58649"}],"wp:term":[{"taxonomy":"category","embeddable":true,"href":"https:\/\/zonaroja.com.mx\/index.php?rest_route=%2Fwp%2Fv2%2Fcategories&post=58649"},{"taxonomy":"post_tag","embeddable":true,"href":"https:\/\/zonaroja.com.mx\/index.php?rest_route=%2Fwp%2Fv2%2Ftags&post=58649"}],"curies":[{"name":"wp","href":"https:\/\/api.w.org\/{rel}","templated":true}]}}