{"id":5865,"date":"2019-11-19T07:33:22","date_gmt":"2019-11-19T13:33:22","guid":{"rendered":"http:\/\/www.zonaroja.com.mx\/?p=5865"},"modified":"2019-11-18T20:35:48","modified_gmt":"2019-11-19T02:35:48","slug":"pese-a-denuncias-siguen-desapariciones-en-huautla-de-jimenez","status":"publish","type":"post","link":"https:\/\/zonaroja.com.mx\/?p=5865","title":{"rendered":"Pese a denuncias, siguen desapariciones en Huautla de Jim\u00e9nez"},"content":{"rendered":"\n<p>Redacci\u00f3n\/Zona Roja.<\/p>\n\n\n\n<p>Oaxaca de Ju\u00e1rez, Oax., 19 de noviembre\nde 2019.- A pesar de las denuncias por parte de pobladores de Huautla de\nJim\u00e9nez, la desaparici\u00f3n de personas contin\u00faa en ese municipio de la regi\u00f3n\nCa\u00f1ada de Oaxaca.<\/p>\n\n\n\n<p>La Unidad de B\u00fasqueda de Personas Desaparecidas y No Localizadas de la Fiscal\u00eda General del Estado difundi\u00f3 la ficha de \u00c1ngel Bernardo Carrera Carrera, de 27 a\u00f1os de edad, quien fue visto por \u00faltima vez en Huautla.<\/p>\n\n\n\n<p>Iba a bordo de un veh\u00edculo tipo Versa, marca Nissan, color guinda, con palcas de circulaci\u00f3n HAL-297C, con rumbo desconocido.<\/p>\n\n\n\n<figure class=\"wp-block-image\"><img decoding=\"async\" width=\"622\" height=\"1024\" src=\"http:\/\/www.zonaroja.com.mx\/wp-content\/uploads\/2019\/11\/\u00c1ngel-Bernardo-Carrera-2-622x1024.jpg\" alt=\"\" class=\"wp-image-5867\" srcset=\"https:\/\/zonaroja.com.mx\/wp-content\/uploads\/2019\/11\/\u00c1ngel-Bernardo-Carrera-2-622x1024.jpg 622w, https:\/\/zonaroja.com.mx\/wp-content\/uploads\/2019\/11\/\u00c1ngel-Bernardo-Carrera-2-182x300.jpg 182w, https:\/\/zonaroja.com.mx\/wp-content\/uploads\/2019\/11\/\u00c1ngel-Bernardo-Carrera-2-768x1264.jpg 768w, https:\/\/zonaroja.com.mx\/wp-content\/uploads\/2019\/11\/\u00c1ngel-Bernardo-Carrera-2-585x962.jpg 585w, https:\/\/zonaroja.com.mx\/wp-content\/uploads\/2019\/11\/\u00c1ngel-Bernardo-Carrera-2.jpg 778w\" sizes=\"(max-width: 622px) 100vw, 622px\" \/><\/figure>\n\n\n\n<p>Como se\u00f1as particulares, tiene un\ntatuaje en el brazo con el nombre de \u201cYeison\u201d; una cicatriz en el brazo\nizquierdo; vest\u00eda pantal\u00f3n de vestir azul marino, playera color verde turquesa\ny calzaba zapatos de vestir color negro.<\/p>\n\n\n\n<p>A cinco d\u00edas, a\u00fan no se tiene\nconocimiento de su paradero.<\/p>\n\n\n\n<p>Fue el mismo 14 de noviembre en que\nfrente al Palacio de Gobierno, familias provenientes de Huautla denunciaron la\nescasa atenci\u00f3n de la Fiscal\u00eda General del Estado en la b\u00fasqueda de al menos 13\npersonas, casos ocurridos de finales del a\u00f1o pasado a la fecha.<\/p>\n\n\n\n<p>Con l\u00e1grimas, la mayor\u00eda de ellos pidi\u00f3\nla intervenci\u00f3n urgente de las autoridades estatales y federales para agilizar\nlas indagatorias.<\/p>\n","protected":false},"excerpt":{"rendered":"<p>Redacci\u00f3n\/Zona Roja. Oaxaca de Ju\u00e1rez, Oax., 19 de noviembre de 2019.- A pesar de las&hellip;<\/p>\n","protected":false},"author":2,"featured_media":5866,"comment_status":"closed","ping_status":"open","sticky":false,"template":"","format":"standard","meta":{"_lmt_disableupdate":"","_lmt_disable":"","_jetpack_memberships_contains_paid_content":false,"footnotes":""},"categories":[109,51],"tags":[1012],"class_list":["post-5865","post","type-post","status-publish","format-standard","has-post-thumbnail","hentry","category-minuto-a-minuto","category-zona-roja","tag-desaparecidos-huautla-de-jimenez"],"jetpack_featured_media_url":"https:\/\/zonaroja.com.mx\/wp-content\/uploads\/2019\/11\/\u00c1ngel-Bernardo-Carrera-1.jpg","jetpack_sharing_enabled":true,"_links":{"self":[{"href":"https:\/\/zonaroja.com.mx\/index.php?rest_route=\/wp\/v2\/posts\/5865","targetHints":{"allow":["GET"]}}],"collection":[{"href":"https:\/\/zonaroja.com.mx\/index.php?rest_route=\/wp\/v2\/posts"}],"about":[{"href":"https:\/\/zonaroja.com.mx\/index.php?rest_route=\/wp\/v2\/types\/post"}],"author":[{"embeddable":true,"href":"https:\/\/zonaroja.com.mx\/index.php?rest_route=\/wp\/v2\/users\/2"}],"replies":[{"embeddable":true,"href":"https:\/\/zonaroja.com.mx\/index.php?rest_route=%2Fwp%2Fv2%2Fcomments&post=5865"}],"version-history":[{"count":1,"href":"https:\/\/zonaroja.com.mx\/index.php?rest_route=\/wp\/v2\/posts\/5865\/revisions"}],"predecessor-version":[{"id":5868,"href":"https:\/\/zonaroja.com.mx\/index.php?rest_route=\/wp\/v2\/posts\/5865\/revisions\/5868"}],"wp:featuredmedia":[{"embeddable":true,"href":"https:\/\/zonaroja.com.mx\/index.php?rest_route=\/wp\/v2\/media\/5866"}],"wp:attachment":[{"href":"https:\/\/zonaroja.com.mx\/index.php?rest_route=%2Fwp%2Fv2%2Fmedia&parent=5865"}],"wp:term":[{"taxonomy":"category","embeddable":true,"href":"https:\/\/zonaroja.com.mx\/index.php?rest_route=%2Fwp%2Fv2%2Fcategories&post=5865"},{"taxonomy":"post_tag","embeddable":true,"href":"https:\/\/zonaroja.com.mx\/index.php?rest_route=%2Fwp%2Fv2%2Ftags&post=5865"}],"curies":[{"name":"wp","href":"https:\/\/api.w.org\/{rel}","templated":true}]}}