{"id":58651,"date":"2023-08-12T13:02:00","date_gmt":"2023-08-12T18:02:00","guid":{"rendered":"http:\/\/www.zonaroja.com.mx\/?p=58651"},"modified":"2023-08-12T08:11:40","modified_gmt":"2023-08-12T13:11:40","slug":"cartel-de-sinaloa-opera-en-ecuador-al-menos-desde-2021-admite-la-sedena","status":"publish","type":"post","link":"https:\/\/zonaroja.com.mx\/?p=58651","title":{"rendered":"C\u00e1rtel de Sinaloa opera en Ecuador al menos desde 2021, admite la Sedena"},"content":{"rendered":"\n<p>Redacci\u00f3n\/Zona Roja Cdmx.<\/p>\n\n\n\n<p>Ciudad de M\u00e9xico, a 12 de agosto de 2023.- La Secretar\u00eda de la Defensa Nacional (Sedena) sabe, al menos desde 2021, que los c\u00e1rteles mexicanos de Sinaloa y Jalisco Nueva Generaci\u00f3n (CJNG) operan en Ecuador, donde el mi\u00e9rcoles pasado asesinaron al candidato presidencial Fernando Villavicencio.<\/p>\n\n\n\n<p>El pol\u00edtico denunci\u00f3 d\u00edas antes de su muerte que el C\u00e1rtel de Sinaloa, aliado en aquel pa\u00eds con la organizaci\u00f3n \u2018Los Choneros\u2019, dirigida por Jos\u00e9 Mar\u00eda Mac\u00edas Villamar, \u201cFito\u201d, lo amenaz\u00f3 de muerte.<\/p>\n\n\n\n<p>Documentos de la Sedena, \u201chackeados\u201d por el grupo \u201cGuacamaya\u201d, revelan las presuntas ligas de las organizaciones mexicanas con grupos ecuatorianos para el tr\u00e1fico de drogas a Estados Unidos.<\/p>\n\n\n\n<p>Los documentos, enviados por militares adscritos a la embajada de M\u00e9xico en Ecuador, dan cuenta de informaci\u00f3n que les ha compartido el gobierno del aquel pa\u00eds sobre sucesos en materia de seguridad.<\/p>\n\n\n\n<p>Por ejemplo, el 28 de abril de 2021, militares mexicanos informaron al alto mando en la Ciudad de M\u00e9xico del asesinato de Harrison Salcedo, abogado del abatido l\u00edder de \u2018Los Choneros\u2019, Jos\u00e9 Luis Zambrano, \u2018Rasqui\u00f1a\u2019, y del mot\u00edn en un penal ubicado en el norte de Guayaquil.<\/p>\n\n\n\n<p>\u201c(De acuerdo con) versiones de autoridades de Ecuador, estos amotinamientos se deben a la disputa de bandas criminales que controlan los centros, donde se presume que estar\u00edan involucrados miembros de la delincuencia organizada de nuestro pa\u00eds (M\u00e9xico)\u201d, dice el mensaje.<\/p>\n\n\n\n<p>Siete meses despu\u00e9s, en un mensaje \u201cextra urgente\u201d, los militares mexicanos en Ecuador hicieron un an\u00e1lisis de la alianza entre grupos criminales mexicanos y ecuatorianos; ello, a partir de una nota period\u00edstica publicada.<\/p>\n\n\n\n<p>Precis\u00f3 que en algunas provincias de Ecuador hay un repunte de las actividades delincuenciales y, por ende, de la violencia, que llev\u00f3 al gobierno de Guillermo Lasso a declarar por 60 d\u00edas un \u201cestado de excepci\u00f3n\u201d.<\/p>\n\n\n\n<p>En el documento el militar mexicano, incluso, identifica las provincias de Ecuador con mayor presencia del crimen, como Guayas, donde m\u00e1s de 70 por ciento de las muertes violentas est\u00e1 relacionado con el narcotr\u00e1fico.<\/p>\n\n\n\n<p>\u201cPor lo que respecta a la vinculaci\u00f3n de los c\u00e1rteles de Sinaloa y Jalisco Nueva Generaci\u00f3n, la Direcci\u00f3n de Inteligencia del Comando Conjunto de las Fuerzas Armadas del Ecuador\u2026 manifest\u00f3 conocer la relaci\u00f3n que existe entre la banda delincuencial conocida como \u2018Los Choneros\u2019 con el C\u00e1rtel de Sinaloa y la de Los Lagartos con el C\u00e1rtel Jalisco Nueva Generaci\u00f3n\u201d, se se\u00f1ala.<\/p>\n\n\n\n<p>Dicha informaci\u00f3n se comparti\u00f3 con militares mexicanos durante una reuni\u00f3n virtual celebrada el 22 de julio de 2021 y se ratific\u00f3 el 7 de septiembre de 2021 en un c\u00f3nclave de intercambio de informaci\u00f3n relativa a experiencias operativas en el combate a los c\u00e1rteles de droga que act\u00faan en M\u00e9xico.<\/p>\n\n\n\n<p>Los dichos de las autoridades ecuatorianas est\u00e1n avalados por diversas operaciones contra el narcotr\u00e1fico, que incluye el decomiso de toneladas de coca\u00edna que ten\u00eda como destino M\u00e9xico y Estados Unidos.<\/p>\n\n\n\n<p>Los informes de la Defensa Nacional se\u00f1alan tambi\u00e9n la disputa entre grupos delictivos de Ecuador, en especial \u2018Los Choneros\u2019 y \u2018Los Lobos\u2019 (estos \u00faltimos tambi\u00e9n ligados al C\u00e1rtel Jalisco Nueva Generaci\u00f3n), la cual se da tanto fuera como dentro de las c\u00e1rceles, por el dominio de las actividades de narcotr\u00e1fico y microtr\u00e1fico.<\/p>\n\n\n\n<p>En un documento se detallan los \u201cindicios\u201d sobre los v\u00ednculos entre las organizaciones delictivas mexicanas y las ecuatorianas.<\/p>\n\n\n\n<p>Se trata del aseguramiento a\u00e9reo ocurrido los d\u00edas 5 y 6 de junio de 2021 por parte de los organismos de inteligencia de ambos pa\u00edses. Aquellos d\u00edas se decomis\u00f3 una aeronave Cessna matr\u00edcula N6329Y, cargada con 200 kilos de coca\u00edna.<\/p>\n\n\n\n<p>(Informaci\u00f3n de \u201cEl Financiero\u201d)<\/p>\n","protected":false},"excerpt":{"rendered":"<p>Redacci\u00f3n\/Zona Roja Cdmx. Ciudad de M\u00e9xico, a 12 de agosto de 2023.- La Secretar\u00eda de&hellip;<\/p>\n","protected":false},"author":2,"featured_media":58654,"comment_status":"closed","ping_status":"open","sticky":false,"template":"","format":"standard","meta":{"_lmt_disableupdate":"","_lmt_disable":"","_jetpack_memberships_contains_paid_content":false,"footnotes":""},"categories":[109,47],"tags":[3644],"class_list":["post-58651","post","type-post","status-publish","format-standard","has-post-thumbnail","hentry","category-minuto-a-minuto","category-zona-gris","tag-fernando-villavicencio-ecuador"],"jetpack_featured_media_url":"https:\/\/zonaroja.com.mx\/wp-content\/uploads\/2023\/08\/Cartel-droga-carteles-narcotrafico-.jpeg","jetpack_sharing_enabled":true,"_links":{"self":[{"href":"https:\/\/zonaroja.com.mx\/index.php?rest_route=\/wp\/v2\/posts\/58651","targetHints":{"allow":["GET"]}}],"collection":[{"href":"https:\/\/zonaroja.com.mx\/index.php?rest_route=\/wp\/v2\/posts"}],"about":[{"href":"https:\/\/zonaroja.com.mx\/index.php?rest_route=\/wp\/v2\/types\/post"}],"author":[{"embeddable":true,"href":"https:\/\/zonaroja.com.mx\/index.php?rest_route=\/wp\/v2\/users\/2"}],"replies":[{"embeddable":true,"href":"https:\/\/zonaroja.com.mx\/index.php?rest_route=%2Fwp%2Fv2%2Fcomments&post=58651"}],"version-history":[{"count":1,"href":"https:\/\/zonaroja.com.mx\/index.php?rest_route=\/wp\/v2\/posts\/58651\/revisions"}],"predecessor-version":[{"id":58655,"href":"https:\/\/zonaroja.com.mx\/index.php?rest_route=\/wp\/v2\/posts\/58651\/revisions\/58655"}],"wp:featuredmedia":[{"embeddable":true,"href":"https:\/\/zonaroja.com.mx\/index.php?rest_route=\/wp\/v2\/media\/58654"}],"wp:attachment":[{"href":"https:\/\/zonaroja.com.mx\/index.php?rest_route=%2Fwp%2Fv2%2Fmedia&parent=58651"}],"wp:term":[{"taxonomy":"category","embeddable":true,"href":"https:\/\/zonaroja.com.mx\/index.php?rest_route=%2Fwp%2Fv2%2Fcategories&post=58651"},{"taxonomy":"post_tag","embeddable":true,"href":"https:\/\/zonaroja.com.mx\/index.php?rest_route=%2Fwp%2Fv2%2Ftags&post=58651"}],"curies":[{"name":"wp","href":"https:\/\/api.w.org\/{rel}","templated":true}]}}