{"id":58656,"date":"2023-08-13T13:00:00","date_gmt":"2023-08-13T18:00:00","guid":{"rendered":"http:\/\/www.zonaroja.com.mx\/?p=58656"},"modified":"2023-08-13T08:00:58","modified_gmt":"2023-08-13T13:00:58","slug":"resurge-el-covid-19-aumentaron-80-casos-pero-se-redujo-57-la-mortandad-oms","status":"publish","type":"post","link":"https:\/\/zonaroja.com.mx\/?p=58656","title":{"rendered":"\u00bfResurge el Covid-19? Aumentaron 80% casos, pero se redujo 57% la mortandad: OMS"},"content":{"rendered":"\n<p>Redacci\u00f3n\/Zona Roja Cdmx.<\/p>\n\n\n\n<p>Ciudad de M\u00e9xico, a 13 de agosto de 2023.- Los casos de Covid-19 detectados a nivel mundial aumentaron 80 por ciento en el \u00faltimo mes, aunque la mortalidad baj\u00f3 57 por ciento, seg\u00fan datos de la Organizaci\u00f3n Mundial de la Salud (OMS).<\/p>\n\n\n\n<p>Entre el 10 de julio y el 6 de agosto se reportaron cerca de 1.5 millones de casos, un aumento respecto a los 28 d\u00edas previos, explic\u00f3 el resumen semanal de la OMS, mientras que el n\u00famero de defunciones descendi\u00f3 a 2 mil 500.&nbsp;<\/p>\n\n\n\n<p>Las cifras coinciden con un aumento perceptible de la circulaci\u00f3n de una nueva variante del virus, conocida como EG.5, en Estados Unidos, Reino Unido o Francia, en pleno verano boreal.<\/p>\n\n\n\n<p>La versi\u00f3n EG.5 del coronavirus, apodada Eris por algunos cient\u00edficos, es una subvariante de la familia omicron, que a su vez forma parte de la cepa XBB, y es actualmente la m\u00e1s analizada porque podr\u00eda ser la responsable del rebrote. M\u00e1s de 17 por ciento de los casos reportados a mediados de julio fueron atribuidos al EG.5, en comparaci\u00f3n con 7.6 por ciento del mes anterior, de acuerdo con el organismo. Parece m\u00e1s transmisible que otras en circulaci\u00f3n, probablemente por efecto de nuevas mutaciones gen\u00e9ticas.<\/p>\n\n\n\n<p>La organizaci\u00f3n de la salud advirti\u00f3 que todas estas estimaciones no reflejan la situaci\u00f3n real, puesto que las pruebas de diagn\u00f3stico y el seguimiento de la pandemia cayeron luego de que en mayo de este a\u00f1o se declar\u00f3 que la pandemia dej\u00f3 de ser una emergencia sanitaria mundial.<\/p>\n\n\n\n<p>La OMS ha insistido en que la vacunaci\u00f3n sigue siendo crucial y que se deben \u201cintensificar los esfuerzos para aumentar la cobertura de vacunaci\u00f3n\u201d. Aunque el inmun\u00f3geno contra el covid pierde eficacia con el tiempo frente a los contagios, se siguen considerando muy protectoras frente a formas graves del virus.<\/p>\n\n\n\n<p>(Informaci\u00f3n de agencias en \u201cLa Jornada\u201d)<\/p>\n","protected":false},"excerpt":{"rendered":"<p>Redacci\u00f3n\/Zona Roja Cdmx. Ciudad de M\u00e9xico, a 13 de agosto de 2023.- Los casos de&hellip;<\/p>\n","protected":false},"author":2,"featured_media":52144,"comment_status":"closed","ping_status":"open","sticky":false,"template":"","format":"standard","meta":{"_lmt_disableupdate":"","_lmt_disable":"","_jetpack_memberships_contains_paid_content":false,"footnotes":""},"categories":[109,47],"tags":[],"class_list":["post-58656","post","type-post","status-publish","format-standard","has-post-thumbnail","hentry","category-minuto-a-minuto","category-zona-gris"],"jetpack_featured_media_url":"https:\/\/zonaroja.com.mx\/wp-content\/uploads\/2023\/02\/Virus-Covid-Coronavirus-Vacuna.jpg","jetpack_sharing_enabled":true,"_links":{"self":[{"href":"https:\/\/zonaroja.com.mx\/index.php?rest_route=\/wp\/v2\/posts\/58656","targetHints":{"allow":["GET"]}}],"collection":[{"href":"https:\/\/zonaroja.com.mx\/index.php?rest_route=\/wp\/v2\/posts"}],"about":[{"href":"https:\/\/zonaroja.com.mx\/index.php?rest_route=\/wp\/v2\/types\/post"}],"author":[{"embeddable":true,"href":"https:\/\/zonaroja.com.mx\/index.php?rest_route=\/wp\/v2\/users\/2"}],"replies":[{"embeddable":true,"href":"https:\/\/zonaroja.com.mx\/index.php?rest_route=%2Fwp%2Fv2%2Fcomments&post=58656"}],"version-history":[{"count":2,"href":"https:\/\/zonaroja.com.mx\/index.php?rest_route=\/wp\/v2\/posts\/58656\/revisions"}],"predecessor-version":[{"id":58670,"href":"https:\/\/zonaroja.com.mx\/index.php?rest_route=\/wp\/v2\/posts\/58656\/revisions\/58670"}],"wp:featuredmedia":[{"embeddable":true,"href":"https:\/\/zonaroja.com.mx\/index.php?rest_route=\/wp\/v2\/media\/52144"}],"wp:attachment":[{"href":"https:\/\/zonaroja.com.mx\/index.php?rest_route=%2Fwp%2Fv2%2Fmedia&parent=58656"}],"wp:term":[{"taxonomy":"category","embeddable":true,"href":"https:\/\/zonaroja.com.mx\/index.php?rest_route=%2Fwp%2Fv2%2Fcategories&post=58656"},{"taxonomy":"post_tag","embeddable":true,"href":"https:\/\/zonaroja.com.mx\/index.php?rest_route=%2Fwp%2Fv2%2Ftags&post=58656"}],"curies":[{"name":"wp","href":"https:\/\/api.w.org\/{rel}","templated":true}]}}