{"id":58658,"date":"2023-08-12T18:16:00","date_gmt":"2023-08-12T23:16:00","guid":{"rendered":"http:\/\/www.zonaroja.com.mx\/?p=58658"},"modified":"2023-08-12T08:17:55","modified_gmt":"2023-08-12T13:17:55","slug":"en-dos-meses-llegan-30-mil-centroamericanos-a-frontera-mexico-eu","status":"publish","type":"post","link":"https:\/\/zonaroja.com.mx\/?p=58658","title":{"rendered":"En dos meses, llegan 30 mil centroamericanos a frontera M\u00e9xico-EU"},"content":{"rendered":"\n<p>Redacci\u00f3n\/Zona Roja Cdmx.<\/p>\n\n\n\n<p>Ciudad de M\u00e9xico, a 12 de agosto de 2023.- El flujo migratorio irregular desde Centroam\u00e9rica, especialmente de Guatemala y Honduras, hacia Estados Unidos ha aumentado en los \u00faltimos meses, dijo el portavoz del Departamento de Seguridad de EE.UU., Luis Miranda, quien pidi\u00f3 a la poblaci\u00f3n no exponerse a traficantes de personas.<\/p>\n\n\n\n<p>En una rueda de prensa virtual con periodistas hondure\u00f1os, el subsecretario adjunto principal de Comunicaciones del Departamento de Seguridad Nacional (DHS, siglas en ingl\u00e9s), se\u00f1al\u00f3 que su pa\u00eds est\u00e1 \u201chaciendo varios vuelos (con deportados) semanalmente a todo Centroam\u00e9rica\u201d debido a que en los \u00faltimos tres meses se ha visto \u201cun aumento de migraci\u00f3n de Honduras y de Guatemala\u201c.<\/p>\n\n\n\n<p>Se\u00f1al\u00f3 que en los \u00faltimos dos meses han llegado a la frontera de EE.UU. alrededor de \u201c30 mil personas\u201d, el 60 por ciento de ellas lo hicieron en grupos familiares, lo que refleja que organizaciones criminales est\u00e1n buscando \u201caprovecharse de la gente dici\u00e9ndoles a las familias que es el momento de viajar\u201d.<\/p>\n\n\n\n<p>Miranda destac\u00f3 la importancia de reducir el flujo de personas que tratan de llegar de manera irregular a Estados Unidos, y lament\u00f3 que muchas de ellas est\u00e1n \u201ccreyendo las mentiras de los criminales, de los contrabandistas, de coyotes\u201d.<\/p>\n\n\n\n<p>Los traficantes les dicen a las personas que \u201ceste es el momento de viajar\u201d y que si viajan en familia \u201cno ser\u00e1n deportadas, lo cual no es cierto\u201d, indic\u00f3 el funcionario, quien pidi\u00f3 a los migrantes que \u201cno se expongan a ponerse en manos de organizaciones criminales\u201c.<\/p>\n\n\n\n<p>\u201cLos coyotes ponen a las personas en peligro\u201d, dijo Miranda, quien afirm\u00f3 que la migraci\u00f3n irregular es controlada por \u201cc\u00e1rteles\u201d que \u201cest\u00e1n llevando a cabo violencia, extorsi\u00f3n, secuestros, abusos y problemas de todo tipo\u201d contra los migrantes.<\/p>\n\n\n\n<p>Asegur\u00f3 adem\u00e1s que para esas organizaciones la migraci\u00f3n \u201ces un negocio, ellos no est\u00e1n buscando ayudar a alguien a llegar a Estados Unidos, est\u00e1n buscando c\u00f3mo pueden extorsionarlos y exprimirles lo m\u00e1ximo que puedan\u201d, una situaci\u00f3n que \u201cpone en peligro\u201d a los migrantes.<\/p>\n\n\n\n<p>Tras el fin de la vigencia del T\u00edtulo 42, EE.UU. deport\u00f3 a \u201cm\u00e1s de 85 mil personas\u201d, entre cubanos, haitianos, nicarag\u00fcenses y venezolanos hacia M\u00e9xico, precis\u00f3 Miranda, que advirti\u00f3 que los que ingresen de manera irregular a Estados Unidos corren el riesgo de \u201cquedar vetados para entrar\u201d a ese pa\u00eds por m\u00e1s de cinco a\u00f1os.<\/p>\n\n\n\n<p>Agreg\u00f3 que EE.UU. trata el tema de la migraci\u00f3n de manera \u201cresponsable, humana y cooperativa\u201d, por lo que est\u00e1 haciendo \u201cmucho\u201d para expandir las \u201cv\u00edas legales\u201d, y record\u00f3 que su pa\u00eds asign\u00f3 \u201cm\u00e1s de 65 mil visas adicionales para trabajadores temporarios y sectores no agr\u00edcolas para este a\u00f1o\u201d.<\/p>\n\n\n\n<p>Al menos 20 mil de las visas adicionales fueron asignadas a El Salvador, Guatemala y Honduras.<\/p>\n\n\n\n<p>\u201cTrabajamos con nuestros aliados a lo largo del hemisferio para tratar el tema (migratorio) de una manera responsable al aplicar nuestras leyes, pero hacerlo, por supuesto, de una manera humanitaria y que reconoce que en ciertos casos tenemos que expandir las v\u00edas legales\u201d, acot\u00f3 Miranda.<\/p>\n\n\n\n<p>(Informaci\u00f3n de EFE)<\/p>\n","protected":false},"excerpt":{"rendered":"<p>Redacci\u00f3n\/Zona Roja Cdmx. Ciudad de M\u00e9xico, a 12 de agosto de 2023.- El flujo migratorio&hellip;<\/p>\n","protected":false},"author":2,"featured_media":45390,"comment_status":"closed","ping_status":"open","sticky":false,"template":"","format":"standard","meta":{"_lmt_disableupdate":"","_lmt_disable":"","_jetpack_memberships_contains_paid_content":false,"footnotes":""},"categories":[109,47],"tags":[207],"class_list":["post-58658","post","type-post","status-publish","format-standard","has-post-thumbnail","hentry","category-minuto-a-minuto","category-zona-gris","tag-migrantes-centroamericanos"],"jetpack_featured_media_url":"https:\/\/zonaroja.com.mx\/wp-content\/uploads\/2022\/09\/Migrantes-cruzan-rio-Bravo-.jpeg","jetpack_sharing_enabled":true,"_links":{"self":[{"href":"https:\/\/zonaroja.com.mx\/index.php?rest_route=\/wp\/v2\/posts\/58658","targetHints":{"allow":["GET"]}}],"collection":[{"href":"https:\/\/zonaroja.com.mx\/index.php?rest_route=\/wp\/v2\/posts"}],"about":[{"href":"https:\/\/zonaroja.com.mx\/index.php?rest_route=\/wp\/v2\/types\/post"}],"author":[{"embeddable":true,"href":"https:\/\/zonaroja.com.mx\/index.php?rest_route=\/wp\/v2\/users\/2"}],"replies":[{"embeddable":true,"href":"https:\/\/zonaroja.com.mx\/index.php?rest_route=%2Fwp%2Fv2%2Fcomments&post=58658"}],"version-history":[{"count":1,"href":"https:\/\/zonaroja.com.mx\/index.php?rest_route=\/wp\/v2\/posts\/58658\/revisions"}],"predecessor-version":[{"id":58659,"href":"https:\/\/zonaroja.com.mx\/index.php?rest_route=\/wp\/v2\/posts\/58658\/revisions\/58659"}],"wp:featuredmedia":[{"embeddable":true,"href":"https:\/\/zonaroja.com.mx\/index.php?rest_route=\/wp\/v2\/media\/45390"}],"wp:attachment":[{"href":"https:\/\/zonaroja.com.mx\/index.php?rest_route=%2Fwp%2Fv2%2Fmedia&parent=58658"}],"wp:term":[{"taxonomy":"category","embeddable":true,"href":"https:\/\/zonaroja.com.mx\/index.php?rest_route=%2Fwp%2Fv2%2Fcategories&post=58658"},{"taxonomy":"post_tag","embeddable":true,"href":"https:\/\/zonaroja.com.mx\/index.php?rest_route=%2Fwp%2Fv2%2Ftags&post=58658"}],"curies":[{"name":"wp","href":"https:\/\/api.w.org\/{rel}","templated":true}]}}