{"id":58665,"date":"2023-08-12T21:12:58","date_gmt":"2023-08-13T02:12:58","guid":{"rendered":"http:\/\/www.zonaroja.com.mx\/?p=58665"},"modified":"2023-08-12T21:56:57","modified_gmt":"2023-08-13T02:56:57","slug":"visita-amlo-salina-cruz-y-matias-romero-para-supervisar-obras","status":"publish","type":"post","link":"https:\/\/zonaroja.com.mx\/?p=58665","title":{"rendered":"Visita AMLO Salina Cruz y Mat\u00edas Romero para supervisar obras"},"content":{"rendered":"\n<p>Redacci\u00f3n\/Zona Roja.&nbsp;<\/p>\n\n\n\n<p>Oaxaca de Ju\u00e1rez, Oax., a 12 de agosto de 2023.- El Presidente de M\u00e9xico, Andr\u00e9s Manuel L\u00f3pez Obrador, estuvo este s\u00e1bado en Oaxaca, para supervisar obras del Corredor Interoce\u00e1nico del Istmo de Tehuantepec.<\/p>\n\n\n\n<p>En Salina Cruz, junto con el gobernador Salom\u00f3n Jara Cruz, sostuvieron una reuni\u00f3n de evaluaci\u00f3n de obras portuarias.<\/p>\n\n\n\n<p>Estos trabajos contemplan el rompeolas oeste, alineamiento del muelle de usos m\u00faltiples, reforzamiento del muelle y retiro de rompeolas.<\/p>\n\n\n\n<p>\u201cEl proyecto es de m\u00e1xima importancia, por lo que el gobierno estatal estrecha relaciones con el Gobierno de M\u00e9xico para concretarlos para garantizar el fortalecimiento del comercio con la costa este de Estados Unidos, lo que significar\u00e1 \u201cprogreso con empleo y justicia\u201d para Oaxaca y todo el Sureste del pa\u00eds\u201d, difundi\u00f3 la administraci\u00f3n estatal en un comunicado.\u00a0<\/p>\n\n\n\n<figure class=\"wp-block-embed is-type-rich is-provider-twitter wp-block-embed-twitter\"><div class=\"wp-block-embed__wrapper\">\n<div class=\"twitter-tweet\"><blockquote class=\"twitter-tweet\" data-lang=\"es\"><p lang=\"es\" dir=\"ltr\">Venimos con el Presidente <a href=\"https:\/\/twitter.com\/lopezobrador_?ref_src=twsrc%5Etfw\">@lopezobrador_<\/a> y el secretario de Marina, Jos\u00e9 Rafael Ojeda Dur\u00e1n (<a href=\"https:\/\/twitter.com\/AlmiranteSrio?ref_src=twsrc%5Etfw\">@AlmiranteSrio<\/a>) para ver los avances de trabajo en el rompeolas del nuevo puerto de Salina Cruz.<br><br>Con los megaproyectos que estamos impulsando junto al <a href=\"https:\/\/twitter.com\/GobiernoMX?ref_src=twsrc%5Etfw\">@GobiernoMX<\/a>, vamos a consolidar la\u2026 <a href=\"https:\/\/t.co\/SHCddn4jwv\">pic.twitter.com\/SHCddn4jwv<\/a><\/p>&mdash; Salom\u00f3n Jara Cruz (@salomonj) <a href=\"https:\/\/twitter.com\/salomonj\/status\/1690447783025606658?ref_src=twsrc%5Etfw\">12 de agosto de 2023<\/a><\/blockquote><\/div>\n<\/div><\/figure>\n\n\n\n<p>EN MAT\u00cdAS<\/p>\n\n\n\n<p>En Mat\u00edas Romero, atestiguaron los avances que se tienen de la obra de renovaci\u00f3n de la antigua estaci\u00f3n ferroviaria.<\/p>\n\n\n\n<p>Dichos avances corresponden a un 11.58 por ciento del total de la ejecuci\u00f3n de la obra. En este proyecto se tiene una intervenci\u00f3n de terreno de mil 557 metros cuadrados en un \u00e1rea de construcci\u00f3n de 2 mil 645 metros cuadrados.<\/p>\n\n\n\n<p>En esta estaci\u00f3n se localizar\u00e1 el centro \u00fanico de mando y control para las l\u00edneas Z, K y FA.&nbsp;&nbsp;<\/p>\n\n\n\n<p>Tambi\u00e9n se contar\u00e1 con un edificio administrativo, talleres, almacenes, alojamientos, medicina de transporte, helipuerto, zona comercial, escuela de capacitaci\u00f3n y equipamientos.<\/p>\n\n\n\n<p>El programa arquitect\u00f3nico consta de una estaci\u00f3n de transporte la cual se conforma de una taquilla, tienda y oficina de operaci\u00f3n y administrativa. En el primer nivel, se realizar\u00e1 una exposici\u00f3n permanente, as\u00ed como algunas temporales, mientras que en el nivel 2, en el Centro de Desarrollo Comunitario se realizar\u00e1 una sala de proyecciones y un \u00e1rea de lectura y trabajo comunal.<\/p>\n\n\n\n<p>El Centro de Mando y Control Ferroviario de Mat\u00edas Romero conectar\u00e1 los estados de Veracruz, Oaxaca, Chiapas y Tabasco, uniendo tres l\u00edneas ferroviarias y los cuatro estados. Esta importante obra es ic\u00f3nica y demuestra que M\u00e9xico se est\u00e1 transformando en el centro del mundo.<\/p>\n\n\n\n<p>El Corredor Interoce\u00e1nico es una plataforma log\u00edstica multimodal que conectar\u00e1 el Oc\u00e9ano Pac\u00edfico con el Golfo de M\u00e9xico, tiene una extensi\u00f3n de 308 kil\u00f3metros y corre de Coatzacoalcos, Veracruz a Salina Cruz, Oaxaca.<\/p>\n\n\n\n<figure class=\"wp-block-embed is-type-rich is-provider-twitter wp-block-embed-twitter\"><div class=\"wp-block-embed__wrapper\">\n<div class=\"twitter-tweet\"><blockquote class=\"twitter-tweet\" data-lang=\"es\"><p lang=\"es\" dir=\"ltr\">En Mat\u00edas Romero contin\u00faa la gira del Presidente <a href=\"https:\/\/twitter.com\/lopezobrador_?ref_src=twsrc%5Etfw\">@lopezobrador_<\/a> y el mandatario <a href=\"https:\/\/twitter.com\/salomonj?ref_src=twsrc%5Etfw\">@salomonj<\/a>.<br>En ese municipio istme\u00f1o supervisan el avance de las obras de la estaci\u00f3n del ferrocarril, que forma parte del Corredor Interoce\u00e1nico del Istmo de Tehuantepec.<br>\u201cEste gran proyecto\u2026 <a href=\"https:\/\/t.co\/kjfNDU0pS3\">pic.twitter.com\/kjfNDU0pS3<\/a><\/p>&mdash; Zona Roja Oaxaca (@ZonaRoja_Oaxaca) <a href=\"https:\/\/twitter.com\/ZonaRoja_Oaxaca\/status\/1690492843171667968?ref_src=twsrc%5Etfw\">12 de agosto de 2023<\/a><\/blockquote><\/div>\n<\/div><\/figure>\n","protected":false},"excerpt":{"rendered":"<p>Redacci\u00f3n\/Zona Roja.&nbsp; Oaxaca de Ju\u00e1rez, Oax., a 12 de agosto de 2023.- El Presidente de&hellip;<\/p>\n","protected":false},"author":2,"featured_media":58667,"comment_status":"closed","ping_status":"open","sticky":false,"template":"","format":"standard","meta":{"_lmt_disableupdate":"","_lmt_disable":"","_jetpack_memberships_contains_paid_content":false,"footnotes":""},"categories":[109,46],"tags":[1536],"class_list":["post-58665","post","type-post","status-publish","format-standard","has-post-thumbnail","hentry","category-minuto-a-minuto","category-zona-blanca","tag-visita-andres-manuel-lopez-obrador-a-oaxaca"],"jetpack_featured_media_url":"https:\/\/zonaroja.com.mx\/wp-content\/uploads\/2023\/08\/Lopez-Obrador-en-Matias-Romero.jpeg","jetpack_sharing_enabled":true,"_links":{"self":[{"href":"https:\/\/zonaroja.com.mx\/index.php?rest_route=\/wp\/v2\/posts\/58665","targetHints":{"allow":["GET"]}}],"collection":[{"href":"https:\/\/zonaroja.com.mx\/index.php?rest_route=\/wp\/v2\/posts"}],"about":[{"href":"https:\/\/zonaroja.com.mx\/index.php?rest_route=\/wp\/v2\/types\/post"}],"author":[{"embeddable":true,"href":"https:\/\/zonaroja.com.mx\/index.php?rest_route=\/wp\/v2\/users\/2"}],"replies":[{"embeddable":true,"href":"https:\/\/zonaroja.com.mx\/index.php?rest_route=%2Fwp%2Fv2%2Fcomments&post=58665"}],"version-history":[{"count":1,"href":"https:\/\/zonaroja.com.mx\/index.php?rest_route=\/wp\/v2\/posts\/58665\/revisions"}],"predecessor-version":[{"id":58668,"href":"https:\/\/zonaroja.com.mx\/index.php?rest_route=\/wp\/v2\/posts\/58665\/revisions\/58668"}],"wp:featuredmedia":[{"embeddable":true,"href":"https:\/\/zonaroja.com.mx\/index.php?rest_route=\/wp\/v2\/media\/58667"}],"wp:attachment":[{"href":"https:\/\/zonaroja.com.mx\/index.php?rest_route=%2Fwp%2Fv2%2Fmedia&parent=58665"}],"wp:term":[{"taxonomy":"category","embeddable":true,"href":"https:\/\/zonaroja.com.mx\/index.php?rest_route=%2Fwp%2Fv2%2Fcategories&post=58665"},{"taxonomy":"post_tag","embeddable":true,"href":"https:\/\/zonaroja.com.mx\/index.php?rest_route=%2Fwp%2Fv2%2Ftags&post=58665"}],"curies":[{"name":"wp","href":"https:\/\/api.w.org\/{rel}","templated":true}]}}