{"id":58671,"date":"2023-08-13T08:52:00","date_gmt":"2023-08-13T13:52:00","guid":{"rendered":"http:\/\/www.zonaroja.com.mx\/?p=58671"},"modified":"2023-08-13T07:53:08","modified_gmt":"2023-08-13T12:53:08","slug":"hallan-asesinados-a-5-policias-en-zacatecas-incendian-vehiculos-en-chiapas","status":"publish","type":"post","link":"https:\/\/zonaroja.com.mx\/?p=58671","title":{"rendered":"Hallan asesinados a 5 polic\u00edas en Zacatecas; incendian veh\u00edculos en Chiapas"},"content":{"rendered":"\n<p>Redacci\u00f3n\/Zona Roja Cdmx.<\/p>\n\n\n\n<p>Ciudad de M\u00e9xico, a 13 de agosto de 2023.- Los cad\u00e1veres de los cinco polic\u00edas municipales de Villa Hidalgo, levantados hace dos semanas por un comando, fueron localizados ayer al mediod\u00eda entre las comunidades de Jaltomate y Nigromante, municipio de Pinos, inform\u00f3 la Secretar\u00eda de Seguridad P\u00fablica de Zacatecas (SSPZ).<\/p>\n\n\n\n<p>Precis\u00f3 que los agentes hab\u00edan sido contratados hace apenas un mes, tres eran originarios de Durango y dos de Coahuila.<\/p>\n\n\n\n<p>En un comunicado, refiri\u00f3 que \u201ca lo largo de la semana se han mantenido importantes operativos coordinados entre las fuerzas de seguridad de los tres \u00f3rdenes de gobierno, lo que permiti\u00f3 la detenci\u00f3n de ocho personas y el aseguramiento de armas, veh\u00edculos y destrucci\u00f3n de campamentos de c\u00e9lulas delictivas\u201d.<\/p>\n\n\n\n<p>No obstante, los cinco polic\u00edas privados de su libertad, fueron localizados acribillados y apilados uno sobre otro, seg\u00fan el documento.<\/p>\n\n\n\n<p>Fuentes de seguridad informaron que el 3 de agosto la SSPZ asign\u00f3 a varios polic\u00edas estatales al frente de la comandancia de la polic\u00eda municipal de Villa Hidalgo.<\/p>\n\n\n\n<p>EN GUERRERO<\/p>\n\n\n\n<p>Mientras, en la madrugada del s\u00e1bado, tras una denuncia an\u00f3nima al 911, elementos del grupo de operaciones Jaguar detuvieron a siete hombres armados en la colonia Galeana, al norte de Chilpancingo, Guerrero.<\/p>\n\n\n\n<p>Les aseguraron armas largas, un fusil lanzagranadas, presunta droga y placas bal\u00edsticas, se\u00f1alaron fuentes del gobierno estatal.<\/p>\n\n\n\n<p>Las personas detenidas se encontraban en la calle Mariscal Galeana, seis de ellos, al ver a las fuerzas del orden corrieron y se metieron a una casa, donde se entregaron sin oponer resistencia, s\u00f3lo uno intent\u00f3 escapar, salt\u00f3 del segundo piso de la vivienda, pero result\u00f3 con heridas de gravedad.<\/p>\n\n\n\n<p>EN GUERRERO<\/p>\n\n\n\n<p>Al menos dos artefactos explosivos fueron encontrados en las instalaciones del comit\u00e9 estatal del PRI, ubicadas la avenida Francisco Ruiz Massieu, colonia Villa Moderna, en Chilpancingo. Seg\u00fan el reporte, uno de los dispositivos estaba en el port\u00f3n del inmueble.<\/p>\n\n\n\n<p>Las oficinas del PRI est\u00e1n a un lado del Polideportivo, donde ayer se llevo a cabo con extremas medidas de seguridad el concierto de la cantante Belinda, patrocinado por el gobierno del estado. Se observ\u00f3 poca asistencia.<\/p>\n\n\n\n<p>En el lugar hab\u00eda una cartulina con un mensaje, cuyo contenido se desconoce; minutos despu\u00e9s arribaron elementos del Ej\u00e9rcito, Guardia Nacional, Polic\u00eda Estatal y de la Fiscal\u00eda General local, quienes acordonaron el lugar.<\/p>\n\n\n\n<p>En tanto, Jes\u00fas Alberto Lara, coordinador de la regi\u00f3n norte de la Polic\u00eda Investigadora Ministerial, perdi\u00f3 la vida, luego de que sujetos armados lo emboscaron junto con su grupo de agentes en la cabecera de Atenango del R\u00edo, en la zona norte de la entidad, alrededor de las 8 de la ma\u00f1ana del s\u00e1bado.<\/p>\n\n\n\n<p>Mientras, en los estados de Guanajuato y Morelos, 19 personas han sido asesinadas en las \u00faltimas horas, en hechos relacionados con el crimen organizado, informaron autoridades de seguridad.<\/p>\n\n\n\n<p>EN CHIAPAS<\/p>\n\n\n\n<p>Cinco veh\u00edculos fueron incendiados la noche del viernes en el tramo carretero Motozintla-Frontera Comalapa en la sierra de Chiapas, luego de un enfrentamiento entre presuntos integrantes de los c\u00e1rteles Jalisco Nueva Generaci\u00f3n (CJNG) y de Sinaloa que se disputan el territorio, informaron pobladores de la zona.<\/p>\n\n\n\n<p>Explicaron que las unidades quemadas provocaron el cierre de la circulaci\u00f3n a la altura de comunidad Nueva Morelia. \u201cQuemaron tres unidades de transporte p\u00fablico, uno de la empresa Sabritas y otro m\u00e1s\u201d, detallaron<\/p>\n\n\n\n<p>Asimismo, precisaron que el enfrentamiento ocurri\u00f3 entre los municipios de Motozintla y Mazapa de Madero. Al cierre de esta edici\u00f3n no se supo si hab\u00eda personas heridas.<\/p>\n\n\n\n<p>Habitantes de Frontera Comalapa, en los l\u00edmites con Guatemala, se\u00f1alaron que la agrupaci\u00f3n denominada \u201cEl Ma\u00edz\u201d, base social del CJNG, est\u00e1 obligando a toda la poblaci\u00f3n de ese lugar a participar en retenes o bloqueos en las entradas y salidas de la cabecera municipal.<\/p>\n\n\n\n<p>El pasado 31 de julio, integrantes del C\u00e1rtel de Sinaloa quemaron tres camiones de carga en el municipio de Mazapa de Madero.<\/p>\n\n\n\n<p>Los integrantes del CJNG y del c\u00e1rtel de Sinaloa se disputan esta regi\u00f3n fronteriza con Guatemala desde hace alrededor de dos a\u00f1os, por lo que cada vez son m\u00e1s comunes las refriegas entre ellos o con las fuerzas de seguridad, adem\u00e1s de que hay desapariciones, desplazamientos, constantes bloqueos carreteros y quema de veh\u00edculos.<\/p>\n\n\n\n<p>Uno de los casos que atrajo la atenci\u00f3n en la zona fue la retenci\u00f3n de siete personas, todas autoridades del ejido Nueva Libertad, ocurrida el 22 de marzo. A la fecha siguen desaparecidos el presidente y el secretario del comisariado ejidal, Jord\u00e1n Gordillo Genovez y Jos\u00e9 Mar\u00edn Carvajal M\u00e9ndez, respectivamente, levantados en el municipio de La Trinitaria.<\/p>\n\n\n\n<p>(Informaci\u00f3n de \u201cLa Jornada\u201d)<\/p>\n","protected":false},"excerpt":{"rendered":"<p>Redacci\u00f3n\/Zona Roja Cdmx. Ciudad de M\u00e9xico, a 13 de agosto de 2023.- Los cad\u00e1veres de&hellip;<\/p>\n","protected":false},"author":2,"featured_media":58672,"comment_status":"closed","ping_status":"open","sticky":false,"template":"","format":"standard","meta":{"_lmt_disableupdate":"","_lmt_disable":"","_jetpack_memberships_contains_paid_content":false,"footnotes":""},"categories":[109,51],"tags":[1746],"class_list":["post-58671","post","type-post","status-publish","format-standard","has-post-thumbnail","hentry","category-minuto-a-minuto","category-zona-roja","tag-violencia-en-mexico"],"jetpack_featured_media_url":"https:\/\/zonaroja.com.mx\/wp-content\/uploads\/2023\/08\/Policias-asesinados-Zacatecas.jpeg","jetpack_sharing_enabled":true,"_links":{"self":[{"href":"https:\/\/zonaroja.com.mx\/index.php?rest_route=\/wp\/v2\/posts\/58671","targetHints":{"allow":["GET"]}}],"collection":[{"href":"https:\/\/zonaroja.com.mx\/index.php?rest_route=\/wp\/v2\/posts"}],"about":[{"href":"https:\/\/zonaroja.com.mx\/index.php?rest_route=\/wp\/v2\/types\/post"}],"author":[{"embeddable":true,"href":"https:\/\/zonaroja.com.mx\/index.php?rest_route=\/wp\/v2\/users\/2"}],"replies":[{"embeddable":true,"href":"https:\/\/zonaroja.com.mx\/index.php?rest_route=%2Fwp%2Fv2%2Fcomments&post=58671"}],"version-history":[{"count":1,"href":"https:\/\/zonaroja.com.mx\/index.php?rest_route=\/wp\/v2\/posts\/58671\/revisions"}],"predecessor-version":[{"id":58673,"href":"https:\/\/zonaroja.com.mx\/index.php?rest_route=\/wp\/v2\/posts\/58671\/revisions\/58673"}],"wp:featuredmedia":[{"embeddable":true,"href":"https:\/\/zonaroja.com.mx\/index.php?rest_route=\/wp\/v2\/media\/58672"}],"wp:attachment":[{"href":"https:\/\/zonaroja.com.mx\/index.php?rest_route=%2Fwp%2Fv2%2Fmedia&parent=58671"}],"wp:term":[{"taxonomy":"category","embeddable":true,"href":"https:\/\/zonaroja.com.mx\/index.php?rest_route=%2Fwp%2Fv2%2Fcategories&post=58671"},{"taxonomy":"post_tag","embeddable":true,"href":"https:\/\/zonaroja.com.mx\/index.php?rest_route=%2Fwp%2Fv2%2Ftags&post=58671"}],"curies":[{"name":"wp","href":"https:\/\/api.w.org\/{rel}","templated":true}]}}