{"id":58674,"date":"2023-08-13T10:00:00","date_gmt":"2023-08-13T15:00:00","guid":{"rendered":"http:\/\/www.zonaroja.com.mx\/?p=58674"},"modified":"2023-08-13T07:57:51","modified_gmt":"2023-08-13T12:57:51","slug":"a-casi-un-ano-del-caso-abigail-hay-amlo-pide-a-jara-atender-el-caso","status":"publish","type":"post","link":"https:\/\/zonaroja.com.mx\/?p=58674","title":{"rendered":"A casi un a\u00f1o del caso Abigail Hay, AMLO pide a Jara atender el caso"},"content":{"rendered":"\n<p>Yuridiana Sosa\/Zona Roja.<\/p>\n\n\n\n<p>Oaxaca de Ju\u00e1rez, Oax., a 13 de agosto de 2023.-Familiares de Abigail Hay Urrutia, hallada muerta en los separos municipales de Salina Cruz en agosto de 2022, recibieron la atenci\u00f3n del mandatario Andr\u00e9s Manuel L\u00f3pez Obrador en su exigencia de justicia, quien a su vez solicit\u00f3 al gobernador Salom\u00f3n Jara Cruz atender el caso.<\/p>\n\n\n\n<p>A casi un a\u00f1o del hecho, ocurrido el 19 de agosto de 2022, el caso sigue impune, por lo que los deudos aprovecharon una vez m\u00e1s la llegada del Presidente de M\u00e9xico a Salina Cruz para solicitarle su apoyo para que el homicidio no quede impune.<\/p>\n\n\n\n<p>Luego de escucharlos, este viernes, L\u00f3pez Obrador solicit\u00f3 al gobernador de Oaxaca dar seguimiento al caso y recibir al padre de la v\u00edctima, el se\u00f1or Jos\u00e9 Luis Hay.<\/p>\n\n\n\n<p>Sin embargo, esta no es la primera vez que la familia recurre a L\u00f3pez Obrador en la exigencia de justicia.&nbsp;<\/p>\n\n\n\n<p>En enero de este a\u00f1o, por medio de una carta, se dirigi\u00f3 al mandatario nacional para recordarle el caso y que la injusticia segu\u00eda.<\/p>\n\n\n\n<p>Meses antes, el 1 de octubre -a menos de un mes de la tragedia- &nbsp;tambi\u00e9n abord\u00f3 al Presidente de M\u00e9xico afuera del hotel donde se hosped\u00f3 en Salina Cruz para su gira de trabajo.&nbsp;<\/p>\n\n\n\n<p>Desde ese entonces pidi\u00f3 su intervenci\u00f3n en la agilidad de justicia, en ese momento hab\u00eda cuatro personas detenidas, hoy ninguna.<\/p>\n\n\n\n<p>Abigal Hay Urrutia muri\u00f3 en los separos municipales de Salina Cruz, gobernado por el morenista Daniel M\u00e9ndez Sosa, luego de una detenci\u00f3n arbitraria en la v\u00eda p\u00fablica y ser golpeada por elementos mujeres antes de ser ingresada a la celda, de acuerdo a videos de cada momento.<\/p>\n\n\n\n<p>Su ex pareja, uno de los involucrados en los hechos sigue en libertad, mientras que los polic\u00edas y funcionarios municipales detenidos tras los hechos fueron puestos en libertad semanas despu\u00e9s.<\/p>\n\n\n\n<p>El presidente de M\u00e9xico, Andr\u00e9s Manuel L\u00f3pez Obarador realiz\u00f3 este fin de semana una gira por el Istmo de Tehuantepec para supervisar los avances en las obras del ferrocarril y obras complementarias del Corredor Interoce\u00e1nico.<\/p>\n","protected":false},"excerpt":{"rendered":"<p>Yuridiana Sosa\/Zona Roja. Oaxaca de Ju\u00e1rez, Oax., a 13 de agosto de 2023.-Familiares de Abigail&hellip;<\/p>\n","protected":false},"author":2,"featured_media":28423,"comment_status":"closed","ping_status":"open","sticky":false,"template":"","format":"standard","meta":{"_lmt_disableupdate":"","_lmt_disable":"","_jetpack_memberships_contains_paid_content":false,"footnotes":""},"categories":[109,47],"tags":[3234],"class_list":["post-58674","post","type-post","status-publish","format-standard","has-post-thumbnail","hentry","category-minuto-a-minuto","category-zona-gris","tag-abigail-hay-urrutia"],"jetpack_featured_media_url":"https:\/\/zonaroja.com.mx\/wp-content\/uploads\/2021\/06\/Guadalupe-Abigail-Salina-Cruz-1.jpg","jetpack_sharing_enabled":true,"_links":{"self":[{"href":"https:\/\/zonaroja.com.mx\/index.php?rest_route=\/wp\/v2\/posts\/58674","targetHints":{"allow":["GET"]}}],"collection":[{"href":"https:\/\/zonaroja.com.mx\/index.php?rest_route=\/wp\/v2\/posts"}],"about":[{"href":"https:\/\/zonaroja.com.mx\/index.php?rest_route=\/wp\/v2\/types\/post"}],"author":[{"embeddable":true,"href":"https:\/\/zonaroja.com.mx\/index.php?rest_route=\/wp\/v2\/users\/2"}],"replies":[{"embeddable":true,"href":"https:\/\/zonaroja.com.mx\/index.php?rest_route=%2Fwp%2Fv2%2Fcomments&post=58674"}],"version-history":[{"count":1,"href":"https:\/\/zonaroja.com.mx\/index.php?rest_route=\/wp\/v2\/posts\/58674\/revisions"}],"predecessor-version":[{"id":58675,"href":"https:\/\/zonaroja.com.mx\/index.php?rest_route=\/wp\/v2\/posts\/58674\/revisions\/58675"}],"wp:featuredmedia":[{"embeddable":true,"href":"https:\/\/zonaroja.com.mx\/index.php?rest_route=\/wp\/v2\/media\/28423"}],"wp:attachment":[{"href":"https:\/\/zonaroja.com.mx\/index.php?rest_route=%2Fwp%2Fv2%2Fmedia&parent=58674"}],"wp:term":[{"taxonomy":"category","embeddable":true,"href":"https:\/\/zonaroja.com.mx\/index.php?rest_route=%2Fwp%2Fv2%2Fcategories&post=58674"},{"taxonomy":"post_tag","embeddable":true,"href":"https:\/\/zonaroja.com.mx\/index.php?rest_route=%2Fwp%2Fv2%2Ftags&post=58674"}],"curies":[{"name":"wp","href":"https:\/\/api.w.org\/{rel}","templated":true}]}}