{"id":58679,"date":"2023-08-13T12:00:00","date_gmt":"2023-08-13T17:00:00","guid":{"rendered":"http:\/\/www.zonaroja.com.mx\/?p=58679"},"modified":"2023-08-13T08:11:28","modified_gmt":"2023-08-13T13:11:28","slug":"detienen-al-padre-de-los-ninos-rescatados-en-la-selva-de-colombia","status":"publish","type":"post","link":"https:\/\/zonaroja.com.mx\/?p=58679","title":{"rendered":"Detienen al padre de los ni\u00f1os rescatados en la selva de Colombia"},"content":{"rendered":"\n<p>Redacci\u00f3n\/Zona Roja Cdmx.<\/p>\n\n\n\n<p>Ciudad de M\u00e9xico, a 13 de agosto de 2023.- El padre de las ni\u00f1as ind\u00edgenas de Colombia que se&nbsp;perdieron y sobrevivieron durante 40 d\u00edas en la selva, fue detenido el viernes, confirmaron autoridades colombianas.<\/p>\n\n\n\n<p>La Fiscal\u00eda colombiana confirm\u00f3 la detenci\u00f3n de Manuel Ranoque en un mensaje a periodistas que cubren la informaci\u00f3n, entre ellos, a la AP. Es el padre de los dos hermanos m\u00e1s peque\u00f1os \u2014de 1 y 4 a\u00f1os\u2014 y padrastro de las dos hermanas de 9 y 13 a\u00f1os.<\/p>\n\n\n\n<p>Aunque no se ofrecieron datos sobre los motivos ni de las circunstancias en que fue aprehendido, medios colombianos atribuyeron la captura a un presunto caso de abusos sexuales. The Associated Press no ha podido confirmar ese detalle.<\/p>\n\n\n\n<p>La directora del Instituto Colombiano de Bienestar Familiar (ICBF), Astrid Eliana C\u00e1ceres, se refiri\u00f3 tambi\u00e9n el viernes a la captura del padre de los menores que siguen bajo el paraguas de la atenci\u00f3n del Estado. \u201cNos enteramos de la captura del pap\u00e1 de dos ni\u00f1os menores Mucutuy y creemos que la Fiscal\u00eda ha operado con todo el marco de la ley; nosotros hemos estado en colaboraci\u00f3n con ellos\u201d, respondi\u00f3 la funcionaria ante preguntas de la prensa.<\/p>\n\n\n\n<p>Aclar\u00f3 que el instituto seguir\u00e1 en la funci\u00f3n de \u201cproteger\u201d a los menores y en el proceso de restablecimiento de sus derechos. Los cuatro hermanos y hermanas quedaron bajo custodia del Estado, despu\u00e9s de que salieron del hospital en el que se recuperaron de problemas de desnutrici\u00f3n.<\/p>\n\n\n\n<p>Manuel Ranoque se disputaba con los abuelos maternos la custodia sobre los menores. La madre de los ni\u00f1os muri\u00f3 a causa del accidente de avioneta del pasado 1 de mayo, aunque seg\u00fan el padre, una de las ni\u00f1as cont\u00f3 que la mujer estuvo viva por unos cuatro d\u00edas.<\/p>\n\n\n\n<p>El&nbsp;abuelo materno hab\u00eda acusado al padre de los ni\u00f1os por golpear&nbsp;a su madre, Magdalena Mucutuy. Narciso Mucutuy les dijo adem\u00e1s a los reporteros que los ni\u00f1os se escond\u00edan en el bosque cuando se desataban pleitos en la familia.<\/p>\n\n\n\n<p>Ranoque reconoci\u00f3 ante la prensa que hab\u00eda habido problemas en casa, pero consider\u00f3 que se trata de un asunto privado de la familia y no un \u201cchisme para el mundo\u201d.<\/p>\n\n\n\n<p>Cuando se le pregunt\u00f3 si hab\u00eda agredido a su esposa, Ranoque respondi\u00f3: \u201cVerbalmente de pronto s\u00ed. F\u00edsicamente muy poco, porque nosotros hac\u00edamos m\u00e1s pelea de palabras\u201d.<\/p>\n\n\n\n<p>(Informaci\u00f3n de AP en \u201cEl Financiero\u201d)<\/p>\n","protected":false},"excerpt":{"rendered":"<p>Redacci\u00f3n\/Zona Roja Cdmx. Ciudad de M\u00e9xico, a 13 de agosto de 2023.- El padre de&hellip;<\/p>\n","protected":false},"author":2,"featured_media":56267,"comment_status":"closed","ping_status":"open","sticky":false,"template":"","format":"standard","meta":{"_lmt_disableupdate":"","_lmt_disable":"","_jetpack_memberships_contains_paid_content":false,"footnotes":""},"categories":[109,47],"tags":[3578],"class_list":["post-58679","post","type-post","status-publish","format-standard","has-post-thumbnail","hentry","category-minuto-a-minuto","category-zona-gris","tag-ninos-desaparecidos-colombia"],"jetpack_featured_media_url":"https:\/\/zonaroja.com.mx\/wp-content\/uploads\/2023\/06\/Ninos-desaparecidos-Colombia.jpg","jetpack_sharing_enabled":true,"_links":{"self":[{"href":"https:\/\/zonaroja.com.mx\/index.php?rest_route=\/wp\/v2\/posts\/58679","targetHints":{"allow":["GET"]}}],"collection":[{"href":"https:\/\/zonaroja.com.mx\/index.php?rest_route=\/wp\/v2\/posts"}],"about":[{"href":"https:\/\/zonaroja.com.mx\/index.php?rest_route=\/wp\/v2\/types\/post"}],"author":[{"embeddable":true,"href":"https:\/\/zonaroja.com.mx\/index.php?rest_route=\/wp\/v2\/users\/2"}],"replies":[{"embeddable":true,"href":"https:\/\/zonaroja.com.mx\/index.php?rest_route=%2Fwp%2Fv2%2Fcomments&post=58679"}],"version-history":[{"count":1,"href":"https:\/\/zonaroja.com.mx\/index.php?rest_route=\/wp\/v2\/posts\/58679\/revisions"}],"predecessor-version":[{"id":58680,"href":"https:\/\/zonaroja.com.mx\/index.php?rest_route=\/wp\/v2\/posts\/58679\/revisions\/58680"}],"wp:featuredmedia":[{"embeddable":true,"href":"https:\/\/zonaroja.com.mx\/index.php?rest_route=\/wp\/v2\/media\/56267"}],"wp:attachment":[{"href":"https:\/\/zonaroja.com.mx\/index.php?rest_route=%2Fwp%2Fv2%2Fmedia&parent=58679"}],"wp:term":[{"taxonomy":"category","embeddable":true,"href":"https:\/\/zonaroja.com.mx\/index.php?rest_route=%2Fwp%2Fv2%2Fcategories&post=58679"},{"taxonomy":"post_tag","embeddable":true,"href":"https:\/\/zonaroja.com.mx\/index.php?rest_route=%2Fwp%2Fv2%2Ftags&post=58679"}],"curies":[{"name":"wp","href":"https:\/\/api.w.org\/{rel}","templated":true}]}}