{"id":5869,"date":"2019-11-19T08:55:42","date_gmt":"2019-11-19T14:55:42","guid":{"rendered":"http:\/\/www.zonaroja.com.mx\/?p=5869"},"modified":"2019-11-19T09:21:41","modified_gmt":"2019-11-19T15:21:41","slug":"insisten-familiares-en-que-se-busque-a-desaparecidos-en-tlahuitoltepec","status":"publish","type":"post","link":"https:\/\/zonaroja.com.mx\/?p=5869","title":{"rendered":"Insisten familiares en que se busque a desaparecidos en Tlahuitoltepec"},"content":{"rendered":"\n<p>Redacci\u00f3n\/Zona Roja.<\/p>\n\n\n\n<p>Oaxaca de Ju\u00e1rez, Oax., 19 de noviembre\nde 2019.- Ante la escasa atenci\u00f3n de las autoridades estatales y municipales,\nfamiliares de C\u00e9sar Altamirano Garc\u00eda y Heriberto Antonio Cruz D\u00edaz,\ndesaparecidos desde el pasado 7 de noviembre, insistieron, ahora a trav\u00e9s de un\nvideo, en solicitar apoyo ciudadano en la b\u00fasqueda de ambos hombres.<\/p>\n\n\n\n<p>Mientras que en en el noticiario de Radio ORO, que conduce Humberto Cruz, la se\u00f1ora Teresa Heredia pidi\u00f3 el apoyo de la sociedad para buscar a su esposo, el se\u00f1or Bernardo Humberto Cruz Ram\u00edrez, padre de uno de los desaparecidos, asegur\u00f3 que el \u00faltimo reporte de su paradero fue en la comunidad de Santa Mar\u00eda Tlahuiltoltepec, de acuerdo con mensajes de texto que enviaron a sus familiares y posteriormente ya no se supo nada m\u00e1s de ellos.<\/p>\n\n\n\n<p>Explic\u00f3 que fue precisamente a trav\u00e9s\nde las redes sociales que se enteraron que fueron retenidos por habitantes de\nla comunidad, situaci\u00f3n que lamentablemente no se han podido comprobar por lo\nque contin\u00faan con la incertidumbre sobre su paradero y su estado de salud.<\/p>\n\n\n\n<p>\u201cMi hijo &#8211;Heriberto Antonio Cruz D\u00edaz&#8211;\ndesapareci\u00f3 el pasado 7 de noviembre por la tarde, el \u00faltimo reporte por\ncomunicaciones que tuvieron con su mam\u00e1 fue de que estaba en la comunidad de\nSanta Mar\u00eda Tlahuiltoltepec, junto con un compa\u00f1ero de \u00e9l C\u00e9sar Altamirano\nGarc\u00eda y ya no se volvi\u00f3 a saber nada de ellos hasta este momento\u201d, dijo.<\/p>\n\n\n\n<p>Indic\u00f3 que fue por colegas y maestros que se enteraron de la situaci\u00f3n en la zona donde ambas personas reportadas como desaparecidas fueron retenidos y privados de su libertan en la localidad, situaci\u00f3n que de forma tard\u00eda fue tomada en cuenta por las autoridades de la Fiscal\u00eda General del Estado.<\/p>\n\n\n\n<figure class=\"wp-block-embed-twitter wp-block-embed is-type-rich is-provider-twitter\"><div class=\"wp-block-embed__wrapper\">\n<div class=\"twitter-tweet\"><blockquote class=\"twitter-tweet\" data-lang=\"es\"><p lang=\"es\" dir=\"ltr\"><a href=\"https:\/\/twitter.com\/hashtag\/OaxacaRojo?src=hash&amp;ref_src=twsrc%5Etfw\">#OaxacaRojo<\/a><br>Ante la nula atenci\u00f3n de las autoridades estatales del <a href=\"https:\/\/twitter.com\/GobOax?ref_src=twsrc%5Etfw\">@goboax<\/a> y municipales, familiares de C\u00e9sar Altamirano Garc\u00eda y Heriberto Antonio Cruz D\u00edaz difunden video para pedir apoyo en la b\u00fasqueda de ambos; presuntamente desaparecieron en Tlahuitoltepec Mixe. <a href=\"https:\/\/t.co\/KTwLsddsi9\">pic.twitter.com\/KTwLsddsi9<\/a><\/p>&mdash; Zona Roja Oaxaca (@MexRoja) <a href=\"https:\/\/twitter.com\/MexRoja\/status\/1196104533614612480?ref_src=twsrc%5Etfw\">17 de noviembre de 2019<\/a><\/blockquote><\/div>\n<\/div><\/figure>\n\n\n\n<p>Por lo que pidi\u00f3 la intervenci\u00f3n del Presidente\nde la Rep\u00fablica, Andr\u00e9s Manuel L\u00f3pez Obrador, y del gobernador Alejandro Murat\nHinojosa, para que el fiscal general, Rub\u00e9n Vasconcelos, haga la investigaci\u00f3n\noportuna y puedan ingresar a la localidad a buscar a su hijo que est\u00e1\ndesaparecido.<\/p>\n\n\n\n<p>\u201cCon todo respeto a las autoridades y\nhabitantes de la comunidad, a pesar de sus usos y costumbres, les pido que\nrespeten el derecho a la vida que todos tenemos, aunque las personas cometan\nalg\u00fan delito tiene derecho a ser juzgados, no tenemos derecho de quitarle la\nvida, ni de privar de la vida a nadie\u201d, concluy\u00f3 el padre de familia.<\/p>\n\n\n\n<p>Cabe se\u00f1alar que este fin de semana, la\nautoridad municipal de Santa Mar\u00eda Tlahuitoltepec Mixe se deslind\u00f3 de la\npresencia de dos personas desaparecidas \u2013un polic\u00eda municipal de la capital y\nun ex polic\u00eda\u2013 en su comunidad y recalc\u00f3 que es un pueblo pac\u00edfico y\nhospitalario.<\/p>\n\n\n\n<p>Sin embargo, en un comunicado reconoci\u00f3\nque el pasado 7 de noviembre &#8211;fecha en que fueron vistos por \u00faltima vez C\u00e9sar\nAltamirano Garc\u00eda y Heriberto Antonio Cruz D\u00edaz&#8211;, se suscit\u00f3 un hecho de\nviolencia, cuando intentaron asesinar a un ciudadano por parte personas\ndesconocidas.<\/p>\n","protected":false},"excerpt":{"rendered":"<p>Redacci\u00f3n\/Zona Roja. Oaxaca de Ju\u00e1rez, Oax., 19 de noviembre de 2019.- Ante la escasa atenci\u00f3n&hellip;<\/p>\n","protected":false},"author":2,"featured_media":5870,"comment_status":"closed","ping_status":"open","sticky":false,"template":"","format":"standard","meta":{"_lmt_disableupdate":"","_lmt_disable":"","_jetpack_memberships_contains_paid_content":false,"footnotes":""},"categories":[109,51],"tags":[1027],"class_list":["post-5869","post","type-post","status-publish","format-standard","has-post-thumbnail","hentry","category-minuto-a-minuto","category-zona-roja","tag-santa-maria-tlahuitoltepec-mixe"],"jetpack_featured_media_url":"https:\/\/zonaroja.com.mx\/wp-content\/uploads\/2019\/11\/Desaparecidos-Tlahuitoltepec-2.jpg","jetpack_sharing_enabled":true,"_links":{"self":[{"href":"https:\/\/zonaroja.com.mx\/index.php?rest_route=\/wp\/v2\/posts\/5869","targetHints":{"allow":["GET"]}}],"collection":[{"href":"https:\/\/zonaroja.com.mx\/index.php?rest_route=\/wp\/v2\/posts"}],"about":[{"href":"https:\/\/zonaroja.com.mx\/index.php?rest_route=\/wp\/v2\/types\/post"}],"author":[{"embeddable":true,"href":"https:\/\/zonaroja.com.mx\/index.php?rest_route=\/wp\/v2\/users\/2"}],"replies":[{"embeddable":true,"href":"https:\/\/zonaroja.com.mx\/index.php?rest_route=%2Fwp%2Fv2%2Fcomments&post=5869"}],"version-history":[{"count":2,"href":"https:\/\/zonaroja.com.mx\/index.php?rest_route=\/wp\/v2\/posts\/5869\/revisions"}],"predecessor-version":[{"id":5881,"href":"https:\/\/zonaroja.com.mx\/index.php?rest_route=\/wp\/v2\/posts\/5869\/revisions\/5881"}],"wp:featuredmedia":[{"embeddable":true,"href":"https:\/\/zonaroja.com.mx\/index.php?rest_route=\/wp\/v2\/media\/5870"}],"wp:attachment":[{"href":"https:\/\/zonaroja.com.mx\/index.php?rest_route=%2Fwp%2Fv2%2Fmedia&parent=5869"}],"wp:term":[{"taxonomy":"category","embeddable":true,"href":"https:\/\/zonaroja.com.mx\/index.php?rest_route=%2Fwp%2Fv2%2Fcategories&post=5869"},{"taxonomy":"post_tag","embeddable":true,"href":"https:\/\/zonaroja.com.mx\/index.php?rest_route=%2Fwp%2Fv2%2Ftags&post=5869"}],"curies":[{"name":"wp","href":"https:\/\/api.w.org\/{rel}","templated":true}]}}