{"id":58693,"date":"2023-08-13T18:47:29","date_gmt":"2023-08-13T23:47:29","guid":{"rendered":"http:\/\/www.zonaroja.com.mx\/?p=58693"},"modified":"2023-08-13T18:53:21","modified_gmt":"2023-08-13T23:53:21","slug":"conmemora-consorcio-oaxaca-dos-decadas-de-vida","status":"publish","type":"post","link":"https:\/\/zonaroja.com.mx\/?p=58693","title":{"rendered":"Conmemora Consorcio Oaxaca dos d\u00e9cadas de vida"},"content":{"rendered":"\n<p>Redacci\u00f3n\/Zona Roja.<\/p>\n\n\n\n<p>Oaxaca de Ju\u00e1rez, Oax., a 13 de agosto de 2023.- La asociaci\u00f3n civil Consorcio para el Di\u00e1logo Parlamentario y la Equidad Oaxaca cumpli\u00f3 dos d\u00e9cadas de labor a favor de la sociedad civil.<\/p>\n\n\n\n<p>Fue el a\u00f1o 2003 en que el organismo surgi\u00f3 con la direcci\u00f3n pol\u00edtica de su fundadora, Anamar\u00eda Hern\u00e1ndez C\u00e1rdenas, en que se definieron no solo las l\u00edneas estrat\u00e9gicas en materia de incidencia legislativa por la despenalizaci\u00f3n del aborto.<\/p>\n\n\n\n<p>Tambi\u00e9n se comprometi\u00f3 a coadyuvar en la promoci\u00f3n y exigencia de la participaci\u00f3n pol\u00edtica de las mujeres, a trav\u00e9s de la construcci\u00f3n de alianzas, redes y tejidos comunitarios&nbsp;en los que reconocemos el esfuerzo y sabidur\u00eda de&nbsp;jefas de familia, artistas, estudiantes, m\u00e9dicas, profesionistas de diversas \u00e1reas,&nbsp;mujeres con discapacidad,&nbsp;artesanas, sanadoras, mujeres trans, comunidad LGTBIQ+,&nbsp;autoridades comunitarias y&nbsp;mujeres de los 16 pueblos ind\u00edgenas y del pueblo afromexicano,&nbsp;que desde su resistencia siguen revitalizando&nbsp;sus&nbsp;lenguas, formas de gobierno y cosmovisi\u00f3n.&nbsp;<\/p>\n\n\n\n<p>En un comunicado, el organismo dio a conocer que en el a\u00f1o 2008, con&nbsp;la incorporaci\u00f3n&nbsp;de la defensora de derechos humanos&nbsp;Y\u00e9sica S\u00e1nchez Maya,&nbsp;quien hasta antes de su llegada se desempe\u00f1\u00f3 como abogada litigante y&nbsp;presidenta de la Liga Mexicana por la Defensa de los Derechos Humanos (Limeddh) Oaxaca, el&nbsp;equipo directivo de&nbsp;Consorcio se nutri\u00f3 y&nbsp;se&nbsp;fortaleci\u00f3.<\/p>\n\n\n\n<p>A\u00f1os m\u00e1s tarde,&nbsp;se enriquecer\u00eda a\u00fan m\u00e1s&nbsp;con la llegada a Oaxaca de Pilar Muriedas&nbsp;Ju\u00e1rez, feminista y activista de diversos movimientos y causas sociales.&nbsp;<\/p>\n\n\n\n<p>Como parte del movimiento de mujeres&nbsp;y como organizaci\u00f3n feminista,&nbsp;en el a\u00f1o 2006, en el contexto del movimiento magisterial y popular que dio pie a la conformaci\u00f3n de la Asamblea Popular de los Pueblos de Oaxaca (APPO ), decidi\u00f3 sumares a las&nbsp;causas que enarbolaba&nbsp;el pueblo de Oaxaca.&nbsp;<\/p>\n\n\n\n<p>\u201cEste momento hist\u00f3rico propici\u00f3 el&nbsp;surgimiento&nbsp;de&nbsp;distintos ejes tem\u00e1ticos de nuestra organizaci\u00f3n, entre ellos:&nbsp;la asesor\u00eda jur\u00eddica&nbsp;a&nbsp;movimientos sociales mixtos de izquierda, la implementaci\u00f3n de la Protecci\u00f3n Integral Feminista (PIF), el seguimiento y documentaci\u00f3n de casos de violencia&nbsp;feminicida y feminicidio, as\u00ed como el acompa\u00f1amiento apresos pol\u00edticos y sus familiares\u201d, detall\u00f3.&nbsp;<\/p>\n\n\n\n<p>Expuso que adem\u00e1s, han abonado al&nbsp;fortalecimiento&nbsp;de&nbsp;diversas luchas en Oaxaca y, a trav\u00e9s del&nbsp;litigio&nbsp;estrat\u00e9gico,&nbsp;la denuncia e incidencia pol\u00edtica ante la comunidad nacional e internacional,&nbsp;hemos visibilizado&nbsp;graves violaciones a derechos humanos.&nbsp;<\/p>\n\n\n\n<p>\u201cSomos sabedoras de que&nbsp;nuestra responsabilidad como organizaci\u00f3n feminista es&nbsp;evidenciar&nbsp;la violencia machista y patriarcal, pero afirmamos que corresponde a las autoridades estatales y municipales garantizar una vida libre de violencia y el acceso a la justicia, as\u00ed como sancionar y determinar el delito cometido contra las mujeres y ni\u00f1as en Oaxaca, por ello, nos mantenemos en permanente denuncia y exigencia ante un Estado feminicida\u201d.&nbsp;<\/p>\n\n\n\n<p>En ese&nbsp;sentido, detall\u00f3 que ha acompa\u00f1ado casos emblem\u00e1ticos en la b\u00fasqueda de justicia&nbsp;para&nbsp;las mujeres, como el de Daphn\u00e9 Carre\u00f1o Bengoechea&nbsp;-el primero tipificado como feminicidio en el estado-&nbsp;y el de Mar\u00eda del Sol Cruz Jarqu\u00edn, \u201cque&nbsp;constituye una&nbsp;deuda pendiente del Estado con Soledad Jarqu\u00edn, periodista de destacada trayectoria feminista y madre de Mar\u00eda del Sol\u201d.&nbsp;<\/p>\n\n\n\n<p>Desde el 2004,&nbsp;a trav\u00e9s de una revisi\u00f3n hemerogr\u00e1fica,&nbsp;documentamos y sistematiza los reportes de feminicidioque se registran en diarios locales y, ha dado a conocer la gravedad de la violencia contra las mujeres a trav\u00e9s de distintos informes ciudadanos.&nbsp;<\/p>\n\n\n\n<p>Hoy d\u00eda, cuenta con una Plataforma de Violencia Feminicida, disponible en:&nbsp;https:\/\/violenciafeminicida.consorciooaxaca.org.mx\/,&nbsp;en la que se puede consultar dicha informaci\u00f3n.&nbsp;<\/p>\n\n\n\n<p>De igual manera, como parte de su l\u00ednea estrat\u00e9gica de comunicaci\u00f3n, ha generado materiales&nbsp;como&nbsp;la&nbsp;revista \u201cLa Savia\u201d para nutrir el debate feminista,&nbsp;as\u00ed&nbsp;como \u201cVoces de la Valent\u00eda\u201d&nbsp;cuyo objetivo es&nbsp;visibilizar saberes e historias de &nbsp;mujeres y grupos que no han tenido una voz que d\u00e9 cuenta de sus aportes.<\/p>\n\n\n\n<p>En el&nbsp;a\u00f1o&nbsp;2013 sali\u00f3 al aire con la producci\u00f3n radiof\u00f3nica \u201cCon Todas sus Letras: dialoguemos para la igualdad\u201d, la cual busca contribuir a procesos de cambio pol\u00edtico y cultural que promuevan relaciones m\u00e1s equitativas y solidarias entre hombres y mujeres.<\/p>\n\n\n\n<p>En este lapso, tambi\u00e9n&nbsp;fue&nbsp;impulsoras con otras referentes feministas de la despenalizaci\u00f3n del aborto&nbsp;que se lograr\u00eda en el estado&nbsp;el&nbsp;25 de septiembre del 2019.&nbsp;<\/p>\n\n\n\n<p>Luego de a\u00f1os de construcci\u00f3n y estrategias del movimiento feminista local y nacional, Oaxaca se convirti\u00f3 en el segundo estado, luego de la Ciudad de M\u00e9xico,&nbsp;en despenalizarlo;&nbsp;esto&nbsp;abri\u00f3 una ola de&nbsp;despenalizaci\u00f3n&nbsp;en el pa\u00eds.&nbsp;<\/p>\n\n\n\n<p>\u201cEn Consorcio Oaxaca hemos diversificado nuestros ejes tem\u00e1ticos y presencia territorial, nos hemos fortalecido con la incorporaci\u00f3n de nuevas integrantes, quienes a lo largo de estos 20 a\u00f1os han aportado sus saberes y conocimientos a las causas que enarbolamos.<\/p>\n\n\n\n<p>\u201cPero tambi\u00e9n hemos ampliado nuestros v\u00ednculos con defensoras de la regi\u00f3n mesoamericana al ser&nbsp;parte de la fundaci\u00f3n y trabajo de la Iniciativa Mesoamericana de Mujeres Defensoras de Derechos Humanos (IM-D) y de la Red Nacional de Mujeres defensoras en M\u00e9xico\u201d, agreg\u00f3 en su comunicado.<\/p>\n\n\n\n<p>Junto con la IM-D, cre\u00f3&nbsp;las casas&nbsp;\u201cLa Serena\u201d&nbsp;y&nbsp;\u201cEl&nbsp;Abrazo\u201d. La primera es&nbsp;un espacio de estancia temporal para la recuperaci\u00f3n, sanaci\u00f3n, descanso y reflexi\u00f3n de defensoras de derechos humanos que atraviesan situaciones de cansancio extremo;&nbsp;mientras que la segunda es&nbsp;un hogar de acogida para defensoras en situaci\u00f3n de riesgo.<\/p>\n\n\n\n<p>\u201cDesde Consorcio&nbsp;Oaxaca, consideramos el cuidado de las personas defensoras como un asunto de relevancia pol\u00edtica&nbsp;y de&nbsp;resistencia,&nbsp;por ello,&nbsp;apostamos por&nbsp;la Protecci\u00f3n Integral Feminista (PIF), modelo de defensa integral para acompa\u00f1ar a defensoras y defensores y fortalecer movimientos, juventudes y la construcci\u00f3n redes.<\/p>\n\n\n\n<p>\u201cHoy, a 20 a\u00f1os de haber arrancado este proyecto, seguimos apostando a consolidar y construir alianzas pol\u00edticas que abonen a nuestro trabajo, a fortalecer articulaciones&nbsp;y&nbsp;a&nbsp;potenciar&nbsp;el liderazgo&nbsp;de las juventudes para impulsar&nbsp;un cambio social, pol\u00edtico y cultural&nbsp;que favorezca el bienestar y&nbsp;el ejercicio pleno de los derechos humanos.<\/p>\n\n\n\n<p>\u201cA dos d\u00e9cadas de distancia,&nbsp;con la firme convicci\u00f3n de nuestras luchas, con un equipo cohesionado, fortalecido y en constante aprendizaje,&nbsp;refrendamos nuestra apuesta por los cuidados colectivos como estrategia para la sostenibilidad y fortalecimiento de los movimientos, a la solidaridad entre las expresiones de las distintas luchas, pero sobre todo, nos asumimos como sembradoras de esperanza y consideramos el amor y la ternura entre pares como&nbsp;un&nbsp;acto pol\u00edtico de absoluta resistencia y autonom\u00eda\u201d.<\/p>\n","protected":false},"excerpt":{"rendered":"<p>Redacci\u00f3n\/Zona Roja. Oaxaca de Ju\u00e1rez, Oax., a 13 de agosto de 2023.- La asociaci\u00f3n civil&hellip;<\/p>\n","protected":false},"author":2,"featured_media":13815,"comment_status":"closed","ping_status":"open","sticky":false,"template":"","format":"standard","meta":{"_lmt_disableupdate":"","_lmt_disable":"","_jetpack_memberships_contains_paid_content":false,"footnotes":""},"categories":[109,46],"tags":[1093],"class_list":["post-58693","post","type-post","status-publish","format-standard","has-post-thumbnail","hentry","category-minuto-a-minuto","category-zona-blanca","tag-consorcio-para-el-dialogo-oaxaca"],"jetpack_featured_media_url":"https:\/\/zonaroja.com.mx\/wp-content\/uploads\/2020\/06\/Consorcio-Oaxaca.jpg","jetpack_sharing_enabled":true,"_links":{"self":[{"href":"https:\/\/zonaroja.com.mx\/index.php?rest_route=\/wp\/v2\/posts\/58693","targetHints":{"allow":["GET"]}}],"collection":[{"href":"https:\/\/zonaroja.com.mx\/index.php?rest_route=\/wp\/v2\/posts"}],"about":[{"href":"https:\/\/zonaroja.com.mx\/index.php?rest_route=\/wp\/v2\/types\/post"}],"author":[{"embeddable":true,"href":"https:\/\/zonaroja.com.mx\/index.php?rest_route=\/wp\/v2\/users\/2"}],"replies":[{"embeddable":true,"href":"https:\/\/zonaroja.com.mx\/index.php?rest_route=%2Fwp%2Fv2%2Fcomments&post=58693"}],"version-history":[{"count":1,"href":"https:\/\/zonaroja.com.mx\/index.php?rest_route=\/wp\/v2\/posts\/58693\/revisions"}],"predecessor-version":[{"id":58694,"href":"https:\/\/zonaroja.com.mx\/index.php?rest_route=\/wp\/v2\/posts\/58693\/revisions\/58694"}],"wp:featuredmedia":[{"embeddable":true,"href":"https:\/\/zonaroja.com.mx\/index.php?rest_route=\/wp\/v2\/media\/13815"}],"wp:attachment":[{"href":"https:\/\/zonaroja.com.mx\/index.php?rest_route=%2Fwp%2Fv2%2Fmedia&parent=58693"}],"wp:term":[{"taxonomy":"category","embeddable":true,"href":"https:\/\/zonaroja.com.mx\/index.php?rest_route=%2Fwp%2Fv2%2Fcategories&post=58693"},{"taxonomy":"post_tag","embeddable":true,"href":"https:\/\/zonaroja.com.mx\/index.php?rest_route=%2Fwp%2Fv2%2Ftags&post=58693"}],"curies":[{"name":"wp","href":"https:\/\/api.w.org\/{rel}","templated":true}]}}