{"id":58695,"date":"2023-08-14T14:30:00","date_gmt":"2023-08-14T19:30:00","guid":{"rendered":"http:\/\/www.zonaroja.com.mx\/?p=58695"},"modified":"2023-08-14T08:36:49","modified_gmt":"2023-08-14T13:36:49","slug":"fiscalia-de-oaxaca-y-barra-mexicana-colegio-de-abogados-firman-convenio","status":"publish","type":"post","link":"https:\/\/zonaroja.com.mx\/?p=58695","title":{"rendered":"Fiscal\u00eda de Oaxaca y Barra Mexicana, Colegio de Abogados, firman convenio"},"content":{"rendered":"\n<p>Redacci\u00f3n\/Zona Roja Cdmx.&nbsp;<\/p>\n\n\n\n<p>Oaxaca de Ju\u00e1rez, Oax., a 14 de agosto de 2023.- El fiscal General del Estado, Bernardo Rodr\u00edguez Alamilla, y el presidente de la Barra Mexicana, Colegio de Abogados A.C., V\u00edctor Olea Pel\u00e1ez, firmaron un acuerdo para colaborar en materia de actividades de capacitaci\u00f3n y actualizaci\u00f3n.<\/p>\n\n\n\n<p>Durante el acto protocolario efectuado en el teatro \u201cMacedonio Alcal\u00e1\u201d, estuvieron presentes los presidentes del Tribunal Superior de Justicia, Eduardo Pinacho S\u00e1nchez; de la Junta de Coordinaci\u00f3n Pol\u00edtica de la 65 Legislatura, Luis Alfonso Silva Romo; el Consejero Jur\u00eddico del Gobierno del Estado, Geovany V\u00e1squez Sagrero, y la presidenta de la Mesa Directiva del Congreso del Estado, M\u00edriam de los \u00c1ngeles V\u00e1squez.<\/p>\n\n\n\n<p>As\u00ed como la primera y segunda vicepresidenta de la Barra Mexicana Colegio de Abogados, Ana Mar\u00eda Kudisch Castell\u00f3 y Cristina Vizca\u00edno D\u00edaz, respectivamente; y Jaime Alejandro Vel\u00e1squez Mart\u00ednez, presidente del cap\u00edtulo de Oaxaca de la Barra.<\/p>\n\n\n\n<p>El convenio entre la Fiscal\u00eda de Oaxaca y la Barra Mexicana Colegio de Abogados implica el intercambio de publicaciones o art\u00edculos que contengan estudios t\u00e9cnico-jur\u00eddicos, diagn\u00f3sticos o an\u00e1lisis relacionados con temas legales, adem\u00e1s de actividades como foros, consultas, mesas redondas, conferencias que permitan la actualizaci\u00f3n de quienes colaboran en el organismo procurador de justicia e integrantes del Colegio.<\/p>\n\n\n\n<p>Asimismo, el fiscal General del Estado de Oaxaca fue testigo de la toma de protesta del nuevo comit\u00e9 directivo de la Barra Mexicana, Colegio de Abogados A.C. Cap\u00edtulo Oaxaca, la cual es presidida por el abogado Jaime Alejandro Vel\u00e1squez Mart\u00ednez, y como vicepresidente, Jorge Eduardo Franco Jim\u00e9nez.<\/p>\n\n\n\n<p>La Fiscal\u00eda de Oaxaca busca continuamente establecer lazos de cooperaci\u00f3n con organizaciones de la sociedad civil que permitan fortalecer las capacidades de la instituci\u00f3n y que coadyuven a mantener una cercan\u00eda continua con la sociedad.<\/p>\n","protected":false},"excerpt":{"rendered":"<p>Redacci\u00f3n\/Zona Roja Cdmx.&nbsp; Oaxaca de Ju\u00e1rez, Oax., a 14 de agosto de 2023.- El fiscal&hellip;<\/p>\n","protected":false},"author":2,"featured_media":58696,"comment_status":"closed","ping_status":"open","sticky":false,"template":"","format":"standard","meta":{"_lmt_disableupdate":"","_lmt_disable":"","_jetpack_memberships_contains_paid_content":false,"footnotes":""},"categories":[109,46],"tags":[494],"class_list":["post-58695","post","type-post","status-publish","format-standard","has-post-thumbnail","hentry","category-minuto-a-minuto","category-zona-blanca","tag-fiscalia-general-del-estado-de-oaxaca"],"jetpack_featured_media_url":"https:\/\/zonaroja.com.mx\/wp-content\/uploads\/2023\/08\/Fiscalia-convenio-barra-de-abogados.jpeg","jetpack_sharing_enabled":true,"_links":{"self":[{"href":"https:\/\/zonaroja.com.mx\/index.php?rest_route=\/wp\/v2\/posts\/58695","targetHints":{"allow":["GET"]}}],"collection":[{"href":"https:\/\/zonaroja.com.mx\/index.php?rest_route=\/wp\/v2\/posts"}],"about":[{"href":"https:\/\/zonaroja.com.mx\/index.php?rest_route=\/wp\/v2\/types\/post"}],"author":[{"embeddable":true,"href":"https:\/\/zonaroja.com.mx\/index.php?rest_route=\/wp\/v2\/users\/2"}],"replies":[{"embeddable":true,"href":"https:\/\/zonaroja.com.mx\/index.php?rest_route=%2Fwp%2Fv2%2Fcomments&post=58695"}],"version-history":[{"count":1,"href":"https:\/\/zonaroja.com.mx\/index.php?rest_route=\/wp\/v2\/posts\/58695\/revisions"}],"predecessor-version":[{"id":58697,"href":"https:\/\/zonaroja.com.mx\/index.php?rest_route=\/wp\/v2\/posts\/58695\/revisions\/58697"}],"wp:featuredmedia":[{"embeddable":true,"href":"https:\/\/zonaroja.com.mx\/index.php?rest_route=\/wp\/v2\/media\/58696"}],"wp:attachment":[{"href":"https:\/\/zonaroja.com.mx\/index.php?rest_route=%2Fwp%2Fv2%2Fmedia&parent=58695"}],"wp:term":[{"taxonomy":"category","embeddable":true,"href":"https:\/\/zonaroja.com.mx\/index.php?rest_route=%2Fwp%2Fv2%2Fcategories&post=58695"},{"taxonomy":"post_tag","embeddable":true,"href":"https:\/\/zonaroja.com.mx\/index.php?rest_route=%2Fwp%2Fv2%2Ftags&post=58695"}],"curies":[{"name":"wp","href":"https:\/\/api.w.org\/{rel}","templated":true}]}}