{"id":58698,"date":"2023-08-13T21:57:44","date_gmt":"2023-08-14T02:57:44","guid":{"rendered":"http:\/\/www.zonaroja.com.mx\/?p=58698"},"modified":"2023-08-13T21:57:46","modified_gmt":"2023-08-14T02:57:46","slug":"domingo-violento-registra-oaxaca-cuatro-asesinatos","status":"publish","type":"post","link":"https:\/\/zonaroja.com.mx\/?p=58698","title":{"rendered":"Domingo violento: registra Oaxaca cuatro asesinatos\u00a0"},"content":{"rendered":"\n<p>Ismael Garc\u00eda M.\/Zona Roja.<\/p>\n\n\n\n<p>Oaxaca de Ju\u00e1rez, Oax., a 14 de agosto de 2023.- Cuatro personas fueron asesinadas a balazos este domingo en Oaxaca y tres m\u00e1s resultaron lesionadas, en las regiones Valles Centrales, Mixteca y Costa.<\/p>\n\n\n\n<p>En la agencia de Mancuernas, municipio de Santiago Pinotepa Nacional, la tarde de hoy fue ultimado un individuo, que hasta el momento no ha sido identificado.<\/p>\n\n\n\n<p>Sujetos armados lo acribillaron en inmediaciones de una unidad deportiva, tras lo cual se retiraron.<\/p>\n\n\n\n<p>En la agencia Santa Teresa, municipio de Huajuapan de Le\u00f3n, casi al mediod\u00eda fue ejecutada una persona del sexo masculino, presuntamente vendedor ambulante.&nbsp;<\/p>\n\n\n\n<p>Los hechos ocurrieron en la calle Olivos, donde ultimaron a Jovany R. R., de aproximadamente 31 a\u00f1os de edad; el o los autores del crimen lograron darse a la fuga.<\/p>\n\n\n\n<p>Y como se inform\u00f3 en la ma\u00f1ana, cerca de las siete de la ma\u00f1ana fueron atacados a balazos ocupantes de una camioneta, en la localidad de Tocuela, del municipio de Ocotl\u00e1n de Morelos.<\/p>\n\n\n\n<p>Las v\u00edctimas fueron identificadas como&nbsp; Alfonso M. R. P., de 45 a\u00f1os de edad, y su hijo Hiram R. A., de 21 a\u00f1os. Otra persona de nombre Constantino P. G., fue trasladado a un hospital.<\/p>\n\n\n\n<p>Y esta tarde, tras un partido de futbol se suscit\u00f3 una ri\u00f1a, en Rancho Aguayo, Santa Cruz Xoxocotl\u00e1n, en que resultaron heridas de bala dos personas, una de ellas identificada como Elmer Javier E. H., que fue trasladada a un hospital de la capital oaxaque\u00f1a.<\/p>\n","protected":false},"excerpt":{"rendered":"<p>Ismael Garc\u00eda M.\/Zona Roja. Oaxaca de Ju\u00e1rez, Oax., a 14 de agosto de 2023.- Cuatro&hellip;<\/p>\n","protected":false},"author":2,"featured_media":58699,"comment_status":"closed","ping_status":"open","sticky":false,"template":"","format":"standard","meta":{"_lmt_disableupdate":"","_lmt_disable":"","_jetpack_memberships_contains_paid_content":false,"footnotes":""},"categories":[109,51],"tags":[594,916],"class_list":["post-58698","post","type-post","status-publish","format-standard","has-post-thumbnail","hentry","category-minuto-a-minuto","category-zona-roja","tag-huajuapan-de-leon","tag-pinotepa-nacional"],"jetpack_featured_media_url":"https:\/\/zonaroja.com.mx\/wp-content\/uploads\/2023\/08\/Asesinato-Huajuapan-de-Leon.jpg","jetpack_sharing_enabled":true,"_links":{"self":[{"href":"https:\/\/zonaroja.com.mx\/index.php?rest_route=\/wp\/v2\/posts\/58698","targetHints":{"allow":["GET"]}}],"collection":[{"href":"https:\/\/zonaroja.com.mx\/index.php?rest_route=\/wp\/v2\/posts"}],"about":[{"href":"https:\/\/zonaroja.com.mx\/index.php?rest_route=\/wp\/v2\/types\/post"}],"author":[{"embeddable":true,"href":"https:\/\/zonaroja.com.mx\/index.php?rest_route=\/wp\/v2\/users\/2"}],"replies":[{"embeddable":true,"href":"https:\/\/zonaroja.com.mx\/index.php?rest_route=%2Fwp%2Fv2%2Fcomments&post=58698"}],"version-history":[{"count":1,"href":"https:\/\/zonaroja.com.mx\/index.php?rest_route=\/wp\/v2\/posts\/58698\/revisions"}],"predecessor-version":[{"id":58700,"href":"https:\/\/zonaroja.com.mx\/index.php?rest_route=\/wp\/v2\/posts\/58698\/revisions\/58700"}],"wp:featuredmedia":[{"embeddable":true,"href":"https:\/\/zonaroja.com.mx\/index.php?rest_route=\/wp\/v2\/media\/58699"}],"wp:attachment":[{"href":"https:\/\/zonaroja.com.mx\/index.php?rest_route=%2Fwp%2Fv2%2Fmedia&parent=58698"}],"wp:term":[{"taxonomy":"category","embeddable":true,"href":"https:\/\/zonaroja.com.mx\/index.php?rest_route=%2Fwp%2Fv2%2Fcategories&post=58698"},{"taxonomy":"post_tag","embeddable":true,"href":"https:\/\/zonaroja.com.mx\/index.php?rest_route=%2Fwp%2Fv2%2Ftags&post=58698"}],"curies":[{"name":"wp","href":"https:\/\/api.w.org\/{rel}","templated":true}]}}