{"id":58704,"date":"2023-08-14T08:21:21","date_gmt":"2023-08-14T13:21:21","guid":{"rendered":"http:\/\/www.zonaroja.com.mx\/?p=58704"},"modified":"2023-08-14T08:21:23","modified_gmt":"2023-08-14T13:21:23","slug":"confirma-fiscalia-detencion-de-individuo-que-presuntamente-mato-a-menor","status":"publish","type":"post","link":"https:\/\/zonaroja.com.mx\/?p=58704","title":{"rendered":"Confirma Fiscal\u00eda detenci\u00f3n de individuo que presuntamente mat\u00f3 a menor"},"content":{"rendered":"\n<p>Redacci\u00f3n\/Zona Roja.<\/p>\n\n\n\n<p>Oaxaca de Ju\u00e1rez, Oax., a 14 de agosto de 2023.- La Fiscal\u00eda General del Estado de Oaxaca (FGEO) confirm\u00f3 anoche que ejecut\u00f3 una orden de aprehensi\u00f3n contra Juan Carlos V. S., acusado de matar a un ni\u00f1o de cuatro a\u00f1os de edad.<\/p>\n\n\n\n<p>En un comunicado, inform\u00f3 que se le indaga por los delitos de homicidio calificado con ventaja y violencia familiar; la muerte del ni\u00f1o K. K. ocurri\u00f3 el pasado viernes en una farmacia de la agencia de Santa Rosa Panzacola, ciudad de Oaxaca, tras presuntamente ser golpeado.<\/p>\n\n\n\n<p>Juan Carlos V. S. llev\u00f3 al ni\u00f1o a una farmacia Similares para recibir atenci\u00f3n m\u00e9dica, sin embargo, el especialista se percat\u00f3 que el menor de edad ya no ten\u00eda signos vitales, por lo que dio parte a las autoridades.<\/p>\n\n\n\n<p>Al tener conocimiento de los hechos, la FGEO atrajo el caso e inici\u00f3 las investigaciones correspondientes por medio de la Fiscal\u00eda Especializada para la Atenci\u00f3n de Delitos contra la Mujer por Raz\u00f3n de G\u00e9nero; el mismo viernes fue detenido <\/p>\n\n\n\n<p>Tras la ejecuci\u00f3n de la orden de aprehensi\u00f3n por los delitos de homicidio calificado con ventaja en contra del menor de edad, as\u00ed como el delito de violencia familiar en contra de Suleima E.G.G., el imputado fue puesto a disposici\u00f3n de las autoridades correspondientes, quienes determinar\u00e1n su situaci\u00f3n jur\u00eddica en las pr\u00f3ximas horas.<\/p>\n\n\n\n<p>\u201cLa Fiscal\u00eda General prioriza la investigaci\u00f3n de los delitos contra ni\u00f1as, ni\u00f1os y adolescentes, as\u00ed como mujeres, por ello, cuenta con perspectiva de infancia y g\u00e9nero, esto con el objetivo de brindar mejores resultados a las v\u00edctimas directas e indirectas para garantizarles un adecuado acceso a la procuraci\u00f3n de justicia\u201d, detall\u00f3 en un comunicado.<\/p>\n\n\n\n<figure class=\"wp-block-embed is-type-rich is-provider-twitter wp-block-embed-twitter\"><div class=\"wp-block-embed__wrapper\">\n<div class=\"twitter-tweet\"><blockquote class=\"twitter-tweet\" data-lang=\"es\"><p lang=\"es\" dir=\"ltr\"><a href=\"https:\/\/twitter.com\/hashtag\/%C3%9AltimoMinuto?src=hash&amp;ref_src=twsrc%5Etfw\">#\u00daltimoMinuto<\/a><br>La <a href=\"https:\/\/twitter.com\/FISCALIA_GobOax?ref_src=twsrc%5Etfw\">@FISCALIA_GobOax<\/a> ejecut\u00f3 una orden de aprehensi\u00f3n contra un hombre identificado como J.C.V.S., por los delitos de homicidio calificado con ventaja y violencia familiar, el primero cometido en agravio de un ni\u00f1o de cuatro a\u00f1os \u2013de quien se reserva su identidad por\u2026 <a href=\"https:\/\/t.co\/JJ9n7cUP0h\">pic.twitter.com\/JJ9n7cUP0h<\/a><\/p>&mdash; Zona Roja Oaxaca (@ZonaRoja_Oaxaca) <a href=\"https:\/\/twitter.com\/ZonaRoja_Oaxaca\/status\/1690946040042536960?ref_src=twsrc%5Etfw\">14 de agosto de 2023<\/a><\/blockquote><\/div>\n<\/div><\/figure>\n","protected":false},"excerpt":{"rendered":"<p>Redacci\u00f3n\/Zona Roja. Oaxaca de Ju\u00e1rez, Oax., a 14 de agosto de 2023.- La Fiscal\u00eda General&hellip;<\/p>\n","protected":false},"author":2,"featured_media":58705,"comment_status":"closed","ping_status":"open","sticky":false,"template":"","format":"standard","meta":{"_lmt_disableupdate":"","_lmt_disable":"","_jetpack_memberships_contains_paid_content":false,"footnotes":""},"categories":[109,46],"tags":[494],"class_list":["post-58704","post","type-post","status-publish","format-standard","has-post-thumbnail","hentry","category-minuto-a-minuto","category-zona-blanca","tag-fiscalia-general-del-estado-de-oaxaca"],"jetpack_featured_media_url":"https:\/\/zonaroja.com.mx\/wp-content\/uploads\/2023\/08\/Ejecuta-FGEO-orden-de-aprehension-por-la-muerte-de-un-nino-ocurrida-en-la-capital-de-Oaxaca-1.jpeg","jetpack_sharing_enabled":true,"_links":{"self":[{"href":"https:\/\/zonaroja.com.mx\/index.php?rest_route=\/wp\/v2\/posts\/58704","targetHints":{"allow":["GET"]}}],"collection":[{"href":"https:\/\/zonaroja.com.mx\/index.php?rest_route=\/wp\/v2\/posts"}],"about":[{"href":"https:\/\/zonaroja.com.mx\/index.php?rest_route=\/wp\/v2\/types\/post"}],"author":[{"embeddable":true,"href":"https:\/\/zonaroja.com.mx\/index.php?rest_route=\/wp\/v2\/users\/2"}],"replies":[{"embeddable":true,"href":"https:\/\/zonaroja.com.mx\/index.php?rest_route=%2Fwp%2Fv2%2Fcomments&post=58704"}],"version-history":[{"count":1,"href":"https:\/\/zonaroja.com.mx\/index.php?rest_route=\/wp\/v2\/posts\/58704\/revisions"}],"predecessor-version":[{"id":58706,"href":"https:\/\/zonaroja.com.mx\/index.php?rest_route=\/wp\/v2\/posts\/58704\/revisions\/58706"}],"wp:featuredmedia":[{"embeddable":true,"href":"https:\/\/zonaroja.com.mx\/index.php?rest_route=\/wp\/v2\/media\/58705"}],"wp:attachment":[{"href":"https:\/\/zonaroja.com.mx\/index.php?rest_route=%2Fwp%2Fv2%2Fmedia&parent=58704"}],"wp:term":[{"taxonomy":"category","embeddable":true,"href":"https:\/\/zonaroja.com.mx\/index.php?rest_route=%2Fwp%2Fv2%2Fcategories&post=58704"},{"taxonomy":"post_tag","embeddable":true,"href":"https:\/\/zonaroja.com.mx\/index.php?rest_route=%2Fwp%2Fv2%2Ftags&post=58704"}],"curies":[{"name":"wp","href":"https:\/\/api.w.org\/{rel}","templated":true}]}}