{"id":58710,"date":"2023-08-14T10:30:00","date_gmt":"2023-08-14T15:30:00","guid":{"rendered":"http:\/\/www.zonaroja.com.mx\/?p=58710"},"modified":"2023-08-14T08:49:54","modified_gmt":"2023-08-14T13:49:54","slug":"siguen-desaparecidas-23-personas-en-agosto-la-mayoria-de-mujeres-son-menores","status":"publish","type":"post","link":"https:\/\/zonaroja.com.mx\/?p=58710","title":{"rendered":"Siguen desaparecidas 23 personas en agosto; la mayor\u00eda de mujeres son menores"},"content":{"rendered":"\n<p>Yuridiana Sosa\/Zona Roja.<\/p>\n\n\n\n<p>Oaxaca de Ju\u00e1rez, Oax., a 14 de agosto de 2023.- En menos de dos semanas, al menos 23 mujeres y hombres siguen desaparecidos en Oaxaca, de acuerdo con la Unidad de B\u00fasqueda de Personas Desaparecidas y No Localizadas de la Fiscal\u00eda General de Oaxaca.<\/p>\n\n\n\n<p>La incertidumbre sobre la ubicaci\u00f3n de estas personas se mantiene para nueve familias de mujeres, de las que cinco son menores de edad y en 11 familias de varones, de quienes solo uno es menor de edad.<\/p>\n\n\n\n<p>En los casos de las mujeres, este mes se dio a conocer que Osiri Alexa Hern\u00e1ndez Cruz, 17 a\u00f1os de edad fue vista por \u00faltima vez el 26 de julio en Pueblo Nuevo, parte alta, de la ciudad de Oaxaca de Ju\u00e1rez.<\/p>\n\n\n\n<p>Mar\u00eda Guadalupe Ram\u00edrez Canseco, de 25 a\u00f1os, desapareci\u00f3 el 31 de julio en el Barrio de las Flores, de San Marcos Zacatepec; mientras que para la menor Perla Garc\u00eda Cruz, de siete a\u00f1os de edad, las autoridades activaron la Alerta Amber para localizarla tras ser vista por \u00faltima vez el 8 de agosto en la comunidad de La Reforma de San Miguel Soyaltepec.<\/p>\n\n\n\n<p>Familiares y amigos perdieron comunicaci\u00f3n con Denia Hern\u00e1ndez Castellanos, de 18 a\u00f1os, desde el pasado 7 de agosto, luego de ser vista por \u00faltima vez en La Experimental de San Antonio de la Cal, en la zona conurbada a la ciudad capital.<\/p>\n\n\n\n<p>Ithamar Cortes Zepeda, de 14 a\u00f1os, fue vista por \u00faltima vez el 2 de agosto en el municipio de Santa Cruz Xoxocotl\u00e1n. Rosario Cecilia P\u00e9rez Reyes, de 14 a\u00f1os, el 5 de agosto en Trinidad de Viguera en Oaxaca de Ju\u00e1rez y Andrea Pacheco Reyes, de 15 a\u00f1os de edad, el 2 de agosto en Santiago Ap\u00f3stol, Ocotl\u00e1n.<\/p>\n\n\n\n<p>As\u00ed tambi\u00e9n, en el Fraccionamiento El J\u00edcaro, San Pedro Mixtepec, desapareci\u00f3 Joaquina Guzm\u00e1n Ram\u00edrez, de 77 a\u00f1os, el pasado 2 de agosto; mientras que en los primeros d\u00edas de este mes tambi\u00e9n se report\u00f3 la desaparici\u00f3n de Guadalupe G\u00f3mez Quintero, de 40 a\u00f1os, el 21 de julio en la colonia Miguel Hidalgo de San Juan Bautista Tuxtepec.<\/p>\n\n\n\n<p>VARONES<\/p>\n\n\n\n<p>La Fiscal\u00eda General de Oaxaca activ\u00f3 la Alerta Amber para pedir ayuda a la poblaci\u00f3n y localizar a Luis Antonio Garc\u00eda Cruz, de 13 a\u00f1os, desaparecido el 8 de agosto en la comunidad de La Reforma en San Miguel Soyaltepec.<\/p>\n\n\n\n<p>Mario Ram\u00edrez Luna, de 20 a\u00f1os, fue visto por \u00faltima vez el 10 de agosto de 2023, en el Aeropuerto \u201cBenito Ju\u00e1rez\u201d, en Jurisdicci\u00f3n de Santa Cruz Xoxocotl\u00e1n. Francisco Dom\u00ednguez Salinas, de 46 a\u00f1os, desapareci\u00f3 el 8 de agosto, en la colonia Nueva Era en Tuxtepec. Un d\u00eda despu\u00e9s, se registr\u00f3 el caso de Luis Leonel Rocha Utrera, de 24 a\u00f1os de edad, visto por \u00faltima vez el 9 de agosto en la localidad de Benem\u00e9rito Ju\u00e1rez en San Juan Bautista Tuxtepec.<\/p>\n\n\n\n<p>Otras fichas de b\u00fasqueda son para localizar a Maximiliano Marcelo P\u00e9rez Hern\u00e1ndez, de 20 a\u00f1os, fue visto por \u00faltima vez el 6 de agosto, en la agencia La Ermita, de Ejutla De Crespo; Jos\u00e9 Luis Tomas Ram\u00edrez, de 30 a\u00f1os, tras ser visto desde el 3 de agosto en El Puente de Playa del Mono, en San Juan Bautista Tuxtepec y para Uriel Garc\u00eda Casta\u00f1eda, de 32 a\u00f1os, quien desapareci\u00f3 desde el 31 de julio a las 05:00 horas en la poblaci\u00f3n de Plan de Carlota, en Huautla de Jim\u00e9nez.<\/p>\n\n\n\n<p>As\u00ed tambi\u00e9n, autoridades y familiares piden la colaboraci\u00f3n de la poblaci\u00f3n para localizar a Jes\u00fas Ignacio Cabrera Parga de 22 a\u00f1os, visto por \u00faltima vez el 24 de julio en la colonia Hugo Mayoral, en Salina Cruz; a Agust\u00edn Ricardo Mariano Montes, de 28 a\u00f1os, quien no es visto desde el 3 de agosto cuando desapareci\u00f3 en la agencia de El Molino, de Huajuapan De Le\u00f3n.<\/p>\n\n\n\n<p>Otros casos son los Fernando Cid Garc\u00eda, de 37 a\u00f1os, visto por \u00faltima el 1 de agosto en la agencia Agua Duende, de Mazatl\u00e1n Villa de Flores y el de Luis Daniel V\u00e1squez God\u00ednez, de 24 a\u00f1os, quien fue visto por \u00faltima vez el 9 agosto en el municipio de Santiago Ap\u00f3stol.<\/p>\n","protected":false},"excerpt":{"rendered":"<p>Yuridiana Sosa\/Zona Roja. Oaxaca de Ju\u00e1rez, Oax., a 14 de agosto de 2023.- En menos&hellip;<\/p>\n","protected":false},"author":2,"featured_media":58711,"comment_status":"closed","ping_status":"open","sticky":false,"template":"","format":"standard","meta":{"_lmt_disableupdate":"","_lmt_disable":"","_jetpack_memberships_contains_paid_content":false,"footnotes":""},"categories":[109,47],"tags":[455],"class_list":["post-58710","post","type-post","status-publish","format-standard","has-post-thumbnail","hentry","category-minuto-a-minuto","category-zona-gris","tag-mujeres-desaparecidas-oaxaca"],"jetpack_featured_media_url":"https:\/\/zonaroja.com.mx\/wp-content\/uploads\/2023\/08\/Desaparecidas-Oaxaca.jpg","jetpack_sharing_enabled":true,"_links":{"self":[{"href":"https:\/\/zonaroja.com.mx\/index.php?rest_route=\/wp\/v2\/posts\/58710","targetHints":{"allow":["GET"]}}],"collection":[{"href":"https:\/\/zonaroja.com.mx\/index.php?rest_route=\/wp\/v2\/posts"}],"about":[{"href":"https:\/\/zonaroja.com.mx\/index.php?rest_route=\/wp\/v2\/types\/post"}],"author":[{"embeddable":true,"href":"https:\/\/zonaroja.com.mx\/index.php?rest_route=\/wp\/v2\/users\/2"}],"replies":[{"embeddable":true,"href":"https:\/\/zonaroja.com.mx\/index.php?rest_route=%2Fwp%2Fv2%2Fcomments&post=58710"}],"version-history":[{"count":1,"href":"https:\/\/zonaroja.com.mx\/index.php?rest_route=\/wp\/v2\/posts\/58710\/revisions"}],"predecessor-version":[{"id":58712,"href":"https:\/\/zonaroja.com.mx\/index.php?rest_route=\/wp\/v2\/posts\/58710\/revisions\/58712"}],"wp:featuredmedia":[{"embeddable":true,"href":"https:\/\/zonaroja.com.mx\/index.php?rest_route=\/wp\/v2\/media\/58711"}],"wp:attachment":[{"href":"https:\/\/zonaroja.com.mx\/index.php?rest_route=%2Fwp%2Fv2%2Fmedia&parent=58710"}],"wp:term":[{"taxonomy":"category","embeddable":true,"href":"https:\/\/zonaroja.com.mx\/index.php?rest_route=%2Fwp%2Fv2%2Fcategories&post=58710"},{"taxonomy":"post_tag","embeddable":true,"href":"https:\/\/zonaroja.com.mx\/index.php?rest_route=%2Fwp%2Fv2%2Ftags&post=58710"}],"curies":[{"name":"wp","href":"https:\/\/api.w.org\/{rel}","templated":true}]}}