{"id":58721,"date":"2023-08-14T16:04:35","date_gmt":"2023-08-14T21:04:35","guid":{"rendered":"http:\/\/www.zonaroja.com.mx\/?p=58721"},"modified":"2023-08-15T07:56:34","modified_gmt":"2023-08-15T12:56:34","slug":"privilegian-negociaciones-y-no-la-ley-para-extinguir-tribunal-de-justicia-administrativa","status":"publish","type":"post","link":"https:\/\/zonaroja.com.mx\/?p=58721","title":{"rendered":"Privilegian negociaciones, y no la ley, para extinguir Tribunal de Justicia Administrativa"},"content":{"rendered":"\n<p>Yuridiana Sosa\/Zona Roja.<\/p>\n\n\n\n<p>Oaxaca de Ju\u00e1rez, Oax., a 14 de agosto de 2023.- El ex presidente del Tribunal de Justicia Administrativa de Oaxaca, Manuel Velasco Alc\u00e1ntara, se desisti\u00f3 de la controversia constitucional ante la Suprema Corte de Justicia de la Naci\u00f3n (SCJN) para impedir la creaci\u00f3n de un nuevo \u00f3rgano de justicia y ser restituidos de sus cargos \u00e9l y otros 11 magistrados.<\/p>\n\n\n\n<p>El gobernador Salom\u00f3n Jara Cruz confirm\u00f3 en su conferencia matutina de este lunes que tanto el presidente depuesto del TJAO como los ex magistrados est\u00e1n cooperando para que el nuevo Tribunal de Justicia Administrativa y Combate a la Corrupci\u00f3n pueda operar y cumplir con sus funciones.<\/p>\n\n\n\n<p>Pues luego que el pasado 22 de julio el Congreso de Oaxaca aprob\u00f3 la creaci\u00f3n y puesta en marcha del TJACCO, por el que se dej\u00f3 sin efecto de forma inmediata al anterior organismo y destituy\u00f3 a los magistrados, los afectados impugnaron esta decisi\u00f3n, la cual se\u00f1alaron ilegal.&nbsp;<\/p>\n\n\n\n<p>\u201cEs importante contar con un nuevo organismo (Tribunal de Justicia Administrativa y Combate a la Corrupci\u00f3n), y los anteriores magistrados est\u00e1n cooperando y eso nos da gusto\u201d, expres\u00f3 el mandatario estatal.<\/p>\n\n\n\n<figure class=\"wp-block-embed\"><div class=\"wp-block-embed__wrapper\">\nhttps:\/\/x.com\/zonaroja_oaxaca\/status\/1691090533215551488?s=46&#038;t=NSC9DgVZqVgwfDd_PrV_LQ\n<\/div><\/figure>\n\n\n\n<p>En ese sentido se\u00f1al\u00f3: \u201cManuel Velasco Alc\u00e1ntara ya desisti\u00f3 de su solicitud que present\u00f3 ante la Corte, y eso nos ayuda mucho; por eso les dec\u00eda que tuvieran paciencia y lo est\u00e1n haciendo los dem\u00e1s (magistrados)\u201d.<\/p>\n\n\n\n<p>PRISI\u00d3N DOMICILIARIA<\/p>\n\n\n\n<p>El exsecretario general de Acuerdos del Tribunal de Justicia Administrativa de Oaxaca, Juan Edy G. C., detenido por presuntos delitos contra la administraci\u00f3n de justicia, enfrenta su proceso legal en prisi\u00f3n domiciliaria desde el pasado 11 de agosto.<\/p>\n\n\n\n<p>Como parte de las negociaciones, su situaci\u00f3n jur\u00eddica cambi\u00f3 luego de la audiencia de revisi\u00f3n de medidas cautelares, tras permanecer en prisi\u00f3n preventiva y vinculado a proceso en el penal de Tanivet, Tlacolula, al ser detenido el pasado 28 de julio. <\/p>\n\n\n\n<p>Juan Edy G. C., fue detenido en el municipio conurbado de Santa Mar\u00eda Atzompa por elementos de la Agencia Estatal de Investigaciones (AEI), quienes ejecutaron la orden de aprehensi\u00f3n emitida por el juez a la Fiscal\u00eda Especializada en Materia de Combate a la Corrupci\u00f3n.<\/p>\n","protected":false},"excerpt":{"rendered":"<p>Yuridiana Sosa\/Zona Roja. Oaxaca de Ju\u00e1rez, Oax., a 14 de agosto de 2023.- El ex&hellip;<\/p>\n","protected":false},"author":2,"featured_media":58736,"comment_status":"closed","ping_status":"open","sticky":false,"template":"","format":"standard","meta":{"_lmt_disableupdate":"","_lmt_disable":"","_jetpack_memberships_contains_paid_content":false,"footnotes":""},"categories":[109,47],"tags":[],"class_list":["post-58721","post","type-post","status-publish","format-standard","has-post-thumbnail","hentry","category-minuto-a-minuto","category-zona-gris"],"jetpack_featured_media_url":"https:\/\/zonaroja.com.mx\/wp-content\/uploads\/2023\/08\/Manuel-Velasco-Alcantara.jpg","jetpack_sharing_enabled":true,"_links":{"self":[{"href":"https:\/\/zonaroja.com.mx\/index.php?rest_route=\/wp\/v2\/posts\/58721","targetHints":{"allow":["GET"]}}],"collection":[{"href":"https:\/\/zonaroja.com.mx\/index.php?rest_route=\/wp\/v2\/posts"}],"about":[{"href":"https:\/\/zonaroja.com.mx\/index.php?rest_route=\/wp\/v2\/types\/post"}],"author":[{"embeddable":true,"href":"https:\/\/zonaroja.com.mx\/index.php?rest_route=\/wp\/v2\/users\/2"}],"replies":[{"embeddable":true,"href":"https:\/\/zonaroja.com.mx\/index.php?rest_route=%2Fwp%2Fv2%2Fcomments&post=58721"}],"version-history":[{"count":1,"href":"https:\/\/zonaroja.com.mx\/index.php?rest_route=\/wp\/v2\/posts\/58721\/revisions"}],"predecessor-version":[{"id":58722,"href":"https:\/\/zonaroja.com.mx\/index.php?rest_route=\/wp\/v2\/posts\/58721\/revisions\/58722"}],"wp:featuredmedia":[{"embeddable":true,"href":"https:\/\/zonaroja.com.mx\/index.php?rest_route=\/wp\/v2\/media\/58736"}],"wp:attachment":[{"href":"https:\/\/zonaroja.com.mx\/index.php?rest_route=%2Fwp%2Fv2%2Fmedia&parent=58721"}],"wp:term":[{"taxonomy":"category","embeddable":true,"href":"https:\/\/zonaroja.com.mx\/index.php?rest_route=%2Fwp%2Fv2%2Fcategories&post=58721"},{"taxonomy":"post_tag","embeddable":true,"href":"https:\/\/zonaroja.com.mx\/index.php?rest_route=%2Fwp%2Fv2%2Ftags&post=58721"}],"curies":[{"name":"wp","href":"https:\/\/api.w.org\/{rel}","templated":true}]}}