{"id":58723,"date":"2023-08-14T18:26:09","date_gmt":"2023-08-14T23:26:09","guid":{"rendered":"http:\/\/www.zonaroja.com.mx\/?p=58723"},"modified":"2023-08-14T18:26:12","modified_gmt":"2023-08-14T23:26:12","slug":"partido-unidad-popular-debera-realizar-nueva-asamblea-para-comite-ejecutivo","status":"publish","type":"post","link":"https:\/\/zonaroja.com.mx\/?p=58723","title":{"rendered":"Partido Unidad Popular deber\u00e1 realizar nueva asamblea para comit\u00e9 ejecutivo"},"content":{"rendered":"\n<p>Redacci\u00f3n\/Zona Roja. Foto: Archivo.<\/p>\n\n\n\n<p>Oaxaca de Ju\u00e1rez, Oax., a 14 de agosto de 2023.- En sesi\u00f3n p\u00fablica realizada mediante videoconferencia, el Tribunal Electoral del Estado de Oaxaca (TEEO) orden\u00f3 la celebraci\u00f3n de una nueva asamblea estatal de renovaci\u00f3n, modificaci\u00f3n o ratificaci\u00f3n del Comit\u00e9 Ejecutivo Estatal del partido pol\u00edtico Unidad Popular (PUP).<\/p>\n\n\n\n<p>Por unanimidad, el pleno dio a dicho partido un plazo, no mayor a tres d\u00edas naturales, para que defina fecha, hora y lugar de celebraci\u00f3n de la referida asamblea, adem\u00e1s, requiri\u00f3 que esta se lleve a cabo en los cinco d\u00edas naturales posteriores.<\/p>\n\n\n\n<p>La resoluci\u00f3n del Juicio para la Protecci\u00f3n de los Derechos Pol\u00edticos Electorales del Ciudadano, con clave: &nbsp;JDC\/77\/2023, vincula al Instituto Estatal Electoral y de Participaci\u00f3n Ciudadana de Oaxaca (IEEPCO) para que, adicionalmente a la publicidad que el PUP realice en sus estrados y p\u00e1gina de internet; dicha autoridad tambi\u00e9n difunda la informaci\u00f3n de la asamblea estatal, en sus propios estrados y en su propia p\u00e1gina de internet.<\/p>\n\n\n\n<p>Asimismo, orden\u00f3 a la Direcci\u00f3n Ejecutiva del IEEPCO modifique el libro de registro para que se mantenga la integraci\u00f3n del Comit\u00e9 Ejecutivo del partido definida previa a esta controversia.<\/p>\n\n\n\n<p>Esta determinaci\u00f3n, aclar\u00f3 el pleno, es producto del an\u00e1lisis de dos actas de asamblea y de diversas pruebas que componen el expediente, con lo cual se constat\u00f3 que, en ambas, se trastoca el principio de certeza que debe contar todo acto electoral.&nbsp;<\/p>\n\n\n\n<p>Lo anterior es as\u00ed porque en ambas asambleas, se desatendieron los propios estatutos del partido pol\u00edtico, y de la convocatoria emitida para la renovaci\u00f3n, modificaci\u00f3n o ratificaci\u00f3n del Comit\u00e9 Ejecutivo, adem\u00e1s que, no hay elemento que dote de certeza que las personas participantes, efectivamente fueron las personas representantes de los comit\u00e9s municipales y distritales e incluso de quienes integraban el Comit\u00e9 Ejecutivo.<\/p>\n\n\n\n<p>La sentencia declar\u00f3 fundado el agravio relacionado con la trasgresi\u00f3n al principio de certeza y seguridad jur\u00eddica, por parte de la Direcci\u00f3n Ejecutiva de Prerrogativas, Partidos Pol\u00edticos y Candidaturas Independientes del Instituto Electoral local.&nbsp;<\/p>\n\n\n\n<p>(Comunicado)<\/p>\n","protected":false},"excerpt":{"rendered":"<p>Redacci\u00f3n\/Zona Roja. Foto: Archivo. Oaxaca de Ju\u00e1rez, Oax., a 14 de agosto de 2023.- En&hellip;<\/p>\n","protected":false},"author":2,"featured_media":18009,"comment_status":"closed","ping_status":"open","sticky":false,"template":"","format":"standard","meta":{"_lmt_disableupdate":"","_lmt_disable":"","_jetpack_memberships_contains_paid_content":false,"footnotes":""},"categories":[109,47],"tags":[2235],"class_list":["post-58723","post","type-post","status-publish","format-standard","has-post-thumbnail","hentry","category-minuto-a-minuto","category-zona-gris","tag-tribunal-electoral-del-estado-de-oaxaca-teeo"],"jetpack_featured_media_url":"https:\/\/zonaroja.com.mx\/wp-content\/uploads\/2020\/09\/Protesta-API-PUP.jpg","jetpack_sharing_enabled":true,"_links":{"self":[{"href":"https:\/\/zonaroja.com.mx\/index.php?rest_route=\/wp\/v2\/posts\/58723","targetHints":{"allow":["GET"]}}],"collection":[{"href":"https:\/\/zonaroja.com.mx\/index.php?rest_route=\/wp\/v2\/posts"}],"about":[{"href":"https:\/\/zonaroja.com.mx\/index.php?rest_route=\/wp\/v2\/types\/post"}],"author":[{"embeddable":true,"href":"https:\/\/zonaroja.com.mx\/index.php?rest_route=\/wp\/v2\/users\/2"}],"replies":[{"embeddable":true,"href":"https:\/\/zonaroja.com.mx\/index.php?rest_route=%2Fwp%2Fv2%2Fcomments&post=58723"}],"version-history":[{"count":1,"href":"https:\/\/zonaroja.com.mx\/index.php?rest_route=\/wp\/v2\/posts\/58723\/revisions"}],"predecessor-version":[{"id":58724,"href":"https:\/\/zonaroja.com.mx\/index.php?rest_route=\/wp\/v2\/posts\/58723\/revisions\/58724"}],"wp:featuredmedia":[{"embeddable":true,"href":"https:\/\/zonaroja.com.mx\/index.php?rest_route=\/wp\/v2\/media\/18009"}],"wp:attachment":[{"href":"https:\/\/zonaroja.com.mx\/index.php?rest_route=%2Fwp%2Fv2%2Fmedia&parent=58723"}],"wp:term":[{"taxonomy":"category","embeddable":true,"href":"https:\/\/zonaroja.com.mx\/index.php?rest_route=%2Fwp%2Fv2%2Fcategories&post=58723"},{"taxonomy":"post_tag","embeddable":true,"href":"https:\/\/zonaroja.com.mx\/index.php?rest_route=%2Fwp%2Fv2%2Ftags&post=58723"}],"curies":[{"name":"wp","href":"https:\/\/api.w.org\/{rel}","templated":true}]}}