{"id":58725,"date":"2023-08-14T18:39:31","date_gmt":"2023-08-14T23:39:31","guid":{"rendered":"http:\/\/www.zonaroja.com.mx\/?p=58725"},"modified":"2023-08-14T18:39:36","modified_gmt":"2023-08-14T23:39:36","slug":"la-seccion-22-que-libros-de-sep-solo-son-material-de-apoyo-pero-no-los-boicoteara","status":"publish","type":"post","link":"https:\/\/zonaroja.com.mx\/?p=58725","title":{"rendered":"La Secci\u00f3n 22 que libros de SEP solo son material de apoyo, pero no los boicotear\u00e1"},"content":{"rendered":"\n<p>Yuridiana Sosa\/Zona Roja.<\/p>\n\n\n\n<p>Oaxaca de Ju\u00e1rez, Oax., a 14 de agosto de 2023.- La Secci\u00f3n 22 del Sindicato Nacional de Trabajadores de la Educaci\u00f3n (SNTE) descart\u00f3 el uso de los libros de texto de la Secretar\u00eda de Educaci\u00f3n P\u00fablica como eje central de su ense\u00f1anza, y los calific\u00f3 s\u00f3lo como material de apoyo, aunque no los boicotear\u00e1.<\/p>\n\n\n\n<p>Rumbo al inicio del ciclo escolar 2023-2024, la gremial adherida a la Coordinadora Nacional de Trabajadores de la Educaci\u00f3n (CNTE) refiri\u00f3 que cada entidad es libre de decidir sobre el uso del material escolar distribuido por el gobierno de M\u00e9xico, pero que en el caso de nuestra entidad el material principal que ocupar\u00e1n est\u00e1 basado en el Plan para la Transformaci\u00f3n de la Educaci\u00f3n en Oaxaca (PTEO).<\/p>\n\n\n\n<p>La secretaria general, Yenny Aracely P\u00e9rez Mart\u00ednez, se\u00f1al\u00f3 que el magisterio cuenta con trabajo surgido desde las bases, con colectivos y de proyectos que han dado origen a diversos materiales desde hace varias d\u00e9cadas, el cual contempla las caracter\u00edsticas de las comunidades de cada regi\u00f3n de la entidad.<\/p>\n\n\n\n<p>\u201cLos contextos ling\u00fc\u00edsticos y culturales son distintos, y en ese marco los libros de texto son material complementario, no son el eje central, no responden a las necesidades reales\u201d, enfatiz\u00f3.<\/p>\n\n\n\n<p>Es por ello, que este d\u00eda, la Secci\u00f3n 22 del SNTE present\u00f3 el un cuadernillo del Taller Estatal de Educaci\u00f3n Alternativa (TEEA) 2023-2024, el cual ser\u00e1 distribuido en cada plantel agremiado, en los 11 niveles educativos que cubre.<\/p>\n\n\n\n<figure class=\"wp-block-embed is-type-rich is-provider-twitter wp-block-embed-twitter\"><div class=\"wp-block-embed__wrapper\">\n<div class=\"twitter-tweet\"><blockquote class=\"twitter-tweet\" data-lang=\"es\"><p lang=\"es\" dir=\"ltr\">En acuerdo con Morena y el gobierno de <a href=\"https:\/\/twitter.com\/hashtag\/Oaxaca?src=hash&amp;ref_src=twsrc%5Etfw\">#Oaxaca<\/a> y de la Rep\u00fablica, la Secci\u00f3n 22 del SNTE no boicotear\u00e1 los libros de textos gratuitos de la SEP. <br>Y del paro de labores en septiembre, la dirigente Yenny Aracely P\u00e9rez se limit\u00f3 a decir que ser\u00e1 a nivel nacional. <a href=\"https:\/\/t.co\/vKTUoEnfSi\">pic.twitter.com\/vKTUoEnfSi<\/a><\/p>&mdash; Zona Roja Oaxaca (@ZonaRoja_Oaxaca) <a href=\"https:\/\/twitter.com\/ZonaRoja_Oaxaca\/status\/1691188533061369856?ref_src=twsrc%5Etfw\">14 de agosto de 2023<\/a><\/blockquote><\/div>\n<\/div><\/figure>\n\n\n\n<p>\u201cCon el taller refrendamos que el magisterio tiene propuestas educativas, desde y para los pueblos, que responden a las necesidades reales de nuestros ni\u00f1os oaxaque\u00f1os\u201d, indic\u00f3 la l\u00edder sindical.<\/p>\n\n\n\n<p>SIN CERTEZA<\/p>\n\n\n\n<p>El paro de labores por parte de la Secci\u00f3n 22 del SNTE en Oaxaca a\u00fan no tiene rumbo, pese a que se hab\u00eda acordado para el 1 de septiembre.<\/p>\n\n\n\n<p>La secretaria general de la gremial, Yenny Aracely P\u00e9rez Mart\u00ednez, indic\u00f3 que la consulta en asambleas mandat\u00f3 el paro indefinido para el inicio de las sesiones legislativos del Congreso a nivel nacional, pero en Oaxaca se est\u00e1 definiendo la movilizaci\u00f3n.<\/p>\n\n\n\n<p>Respecto a los avances en su pliego de demandas, dijo que las respuestas a\u00fan son dilatorias, con avances parciales respecto a las demandas de los niveles educativos, incidencias y contrataci\u00f3n de personal de apoyo y asistencia a la educaci\u00f3n.<\/p>\n\n\n\n<p>El pr\u00f3ximo 22 y 23 de agosto sostendr\u00e1n una mesa tripartita con la participaci\u00f3n de la SEP y el IEEPO para abordar las incidencias.&nbsp;<\/p>\n","protected":false},"excerpt":{"rendered":"<p>Yuridiana Sosa\/Zona Roja. Oaxaca de Ju\u00e1rez, Oax., a 14 de agosto de 2023.- La Secci\u00f3n&hellip;<\/p>\n","protected":false},"author":2,"featured_media":58726,"comment_status":"closed","ping_status":"open","sticky":false,"template":"","format":"standard","meta":{"_lmt_disableupdate":"","_lmt_disable":"","_jetpack_memberships_contains_paid_content":false,"footnotes":""},"categories":[109,47],"tags":[312],"class_list":["post-58725","post","type-post","status-publish","format-standard","has-post-thumbnail","hentry","category-minuto-a-minuto","category-zona-gris","tag-seccion-22-del-snte"],"jetpack_featured_media_url":"https:\/\/zonaroja.com.mx\/wp-content\/uploads\/2023\/08\/Conferencia-de-prensa-Seccion-22.jpg","jetpack_sharing_enabled":true,"_links":{"self":[{"href":"https:\/\/zonaroja.com.mx\/index.php?rest_route=\/wp\/v2\/posts\/58725","targetHints":{"allow":["GET"]}}],"collection":[{"href":"https:\/\/zonaroja.com.mx\/index.php?rest_route=\/wp\/v2\/posts"}],"about":[{"href":"https:\/\/zonaroja.com.mx\/index.php?rest_route=\/wp\/v2\/types\/post"}],"author":[{"embeddable":true,"href":"https:\/\/zonaroja.com.mx\/index.php?rest_route=\/wp\/v2\/users\/2"}],"replies":[{"embeddable":true,"href":"https:\/\/zonaroja.com.mx\/index.php?rest_route=%2Fwp%2Fv2%2Fcomments&post=58725"}],"version-history":[{"count":1,"href":"https:\/\/zonaroja.com.mx\/index.php?rest_route=\/wp\/v2\/posts\/58725\/revisions"}],"predecessor-version":[{"id":58727,"href":"https:\/\/zonaroja.com.mx\/index.php?rest_route=\/wp\/v2\/posts\/58725\/revisions\/58727"}],"wp:featuredmedia":[{"embeddable":true,"href":"https:\/\/zonaroja.com.mx\/index.php?rest_route=\/wp\/v2\/media\/58726"}],"wp:attachment":[{"href":"https:\/\/zonaroja.com.mx\/index.php?rest_route=%2Fwp%2Fv2%2Fmedia&parent=58725"}],"wp:term":[{"taxonomy":"category","embeddable":true,"href":"https:\/\/zonaroja.com.mx\/index.php?rest_route=%2Fwp%2Fv2%2Fcategories&post=58725"},{"taxonomy":"post_tag","embeddable":true,"href":"https:\/\/zonaroja.com.mx\/index.php?rest_route=%2Fwp%2Fv2%2Ftags&post=58725"}],"curies":[{"name":"wp","href":"https:\/\/api.w.org\/{rel}","templated":true}]}}