{"id":58728,"date":"2023-08-14T18:48:14","date_gmt":"2023-08-14T23:48:14","guid":{"rendered":"http:\/\/www.zonaroja.com.mx\/?p=58728"},"modified":"2023-08-14T18:48:17","modified_gmt":"2023-08-14T23:48:17","slug":"en-paz-y-en-orden-disfrutan-miles-las-fiestas-de-san-lorenzo-cacotepec","status":"publish","type":"post","link":"https:\/\/zonaroja.com.mx\/?p=58728","title":{"rendered":"En paz y en orden, disfrutan miles las fiestas de San Lorenzo Cacotepec"},"content":{"rendered":"\n<p>Redacci\u00f3n\/Zona Roja.<\/p>\n\n\n\n<p>Oaxaca de Ju\u00e0rez, Oax., a 14 de agosto de 2023.- En un ambiente de alegr\u00eda, en orden y con la seguridad garantizada, miles de personas, entre propias y visitantes, disfrutan de las fiestas patronales en San Lorenzo Cacaotepec.<\/p>\n\n\n\n<p>La presidenta municipal, Iris L\u00f3pez Zavaleta, inform\u00f3 que no hubo ning\u00fan contratiempo en las actividades, que consistieron en diversas actividades art\u00edsticas, culturales y populares.<\/p>\n\n\n\n<p>Una de ellas fie la Feria Gastron\u00f3mica, Artesanal y de Emprendedores, que se llev\u00f3 a cabo el 12 y 13 de agosto y en la que la gente pudo disfrutar de los variados platillos gastron\u00f3micas, as\u00ed como conocer las creaciones de las y los artesanos.<\/p>\n\n\n\n<p>De la misma manera, el Encuentro de Bandas, que fue un \u00e9xito, realizado el pasado jueves en la explanada municipal, en el marco del s\u00e9ptimo aniversario de la Banda de Alientos Infantil y Juvenil San Lorenzo.&nbsp;<\/p>\n\n\n\n<p>En dicha actividad se cont\u00f3 con la participaci\u00f3n de agrupaciones invitadas como la Banda Filarm\u00f3nica de Santa Cruz Xoxocotl\u00e1n, la Banda Filarm\u00f3nica de San Miguel Cajonos y la Banda Municipal de San Dionisio Ocotepec.<\/p>\n\n\n\n<p>Cabe mencionar que, en el marco de este encuentro, la banda local entreg\u00f3 reconocimientos a la presidenta municipal Iris L\u00f3pez, as\u00ed como a los regidores de Educaci\u00f3n, \u00c1ngel Quevedo y Francisco M\u00e1rquez&nbsp; por el apoyo e impulso a la cultura en la comunidad.<\/p>\n\n\n\n<p>Se organiz\u00f3 igualmente una exposici\u00f3n art\u00edstica de m\u00e1scaras denominada \u201cHacia la tierra del retorno\u201d, realizada por siete mujeres nativas de San Lorenzo Cacaotepec, que toman el taller de m\u00e1scaras de Juan Carlos y Eva S\u00e1nchez, cuyas piezas fueron creadas para su primera comparsa tradicional, un proyecto familiar denominado Festivalito \u201cLa tierra del retorno\u201d.<\/p>\n\n\n\n<p>Dicho proyecto cultural naci\u00f3 en 2022 para promover la tradici\u00f3n del D\u00eda de Muertos, as\u00ed como para preservar y promover la importancia del Cempas\u00fachil, flor \u00edcono de nuestro pa\u00eds.<\/p>\n\n\n\n<p>Cada m\u00e1scara, elaborada con la t\u00e9cnica de papel piedra, tiene un gran proceso creativo, que fusiona color y figura, adem\u00e1s de elementos como huesos, plumas y fibras naturales u objetos reciclados.&nbsp;<\/p>\n","protected":false},"excerpt":{"rendered":"<p>Redacci\u00f3n\/Zona Roja. Oaxaca de Ju\u00e0rez, Oax., a 14 de agosto de 2023.- En un ambiente&hellip;<\/p>\n","protected":false},"author":2,"featured_media":58716,"comment_status":"closed","ping_status":"open","sticky":false,"template":"","format":"standard","meta":{"_lmt_disableupdate":"","_lmt_disable":"","_jetpack_memberships_contains_paid_content":false,"footnotes":""},"categories":[109,46],"tags":[846],"class_list":["post-58728","post","type-post","status-publish","format-standard","has-post-thumbnail","hentry","category-minuto-a-minuto","category-zona-blanca","tag-san-lorenzo-cacaotepec"],"jetpack_featured_media_url":"https:\/\/zonaroja.com.mx\/wp-content\/uploads\/2023\/08\/Fiestas-San-Lorenzo-Cacaotepec.jpg","jetpack_sharing_enabled":true,"_links":{"self":[{"href":"https:\/\/zonaroja.com.mx\/index.php?rest_route=\/wp\/v2\/posts\/58728","targetHints":{"allow":["GET"]}}],"collection":[{"href":"https:\/\/zonaroja.com.mx\/index.php?rest_route=\/wp\/v2\/posts"}],"about":[{"href":"https:\/\/zonaroja.com.mx\/index.php?rest_route=\/wp\/v2\/types\/post"}],"author":[{"embeddable":true,"href":"https:\/\/zonaroja.com.mx\/index.php?rest_route=\/wp\/v2\/users\/2"}],"replies":[{"embeddable":true,"href":"https:\/\/zonaroja.com.mx\/index.php?rest_route=%2Fwp%2Fv2%2Fcomments&post=58728"}],"version-history":[{"count":1,"href":"https:\/\/zonaroja.com.mx\/index.php?rest_route=\/wp\/v2\/posts\/58728\/revisions"}],"predecessor-version":[{"id":58729,"href":"https:\/\/zonaroja.com.mx\/index.php?rest_route=\/wp\/v2\/posts\/58728\/revisions\/58729"}],"wp:featuredmedia":[{"embeddable":true,"href":"https:\/\/zonaroja.com.mx\/index.php?rest_route=\/wp\/v2\/media\/58716"}],"wp:attachment":[{"href":"https:\/\/zonaroja.com.mx\/index.php?rest_route=%2Fwp%2Fv2%2Fmedia&parent=58728"}],"wp:term":[{"taxonomy":"category","embeddable":true,"href":"https:\/\/zonaroja.com.mx\/index.php?rest_route=%2Fwp%2Fv2%2Fcategories&post=58728"},{"taxonomy":"post_tag","embeddable":true,"href":"https:\/\/zonaroja.com.mx\/index.php?rest_route=%2Fwp%2Fv2%2Ftags&post=58728"}],"curies":[{"name":"wp","href":"https:\/\/api.w.org\/{rel}","templated":true}]}}