{"id":58730,"date":"2023-08-14T22:30:29","date_gmt":"2023-08-15T03:30:29","guid":{"rendered":"http:\/\/www.zonaroja.com.mx\/?p=58730"},"modified":"2023-08-14T22:30:31","modified_gmt":"2023-08-15T03:30:31","slug":"istmo-mortal-acribillan-a-individuo-en-matias-asalto-armado-en-salina-cruz","status":"publish","type":"post","link":"https:\/\/zonaroja.com.mx\/?p=58730","title":{"rendered":"Istmo mortal: acribillan a individuo en Mat\u00edas; asalto armado en Salina Cruz"},"content":{"rendered":"\n<p>Ismael Garc\u00eda M.\/Zona Roja.<\/p>\n\n\n\n<p>Oaxaca de Ju\u00e0rez, Oax., a 14 de agosto de 2023.- En la regi\u00f3n del Istmo de Tehuantepec no cesa la violencia.<\/p>\n\n\n\n<p>Este lunes fue ejecutado un individuo en el municipio de Mat\u00edas Romero Avenda\u00f1o, gobernado por la morenista Obdulia Garc\u00eda.<\/p>\n\n\n\n<p>Fue en una calle de la colonia Hidalgo Sur en que acribillaron a un individuo a bordo de una motocicleta, quien muri\u00f3 en el sitio y hasta el momento no ha sido identificado.<\/p>\n\n\n\n<p>Horas antes, en el municipio de Salina Cruz, gobernado por el morenista Daniel M\u00e9ndez Sosa, se registr\u00f3 un asalto a mano armada, cuyo bot\u00edn podr\u00eda ser de alrededor de 300 mil pesos.<\/p>\n\n\n\n<p>Los hechos sucedieron la tarde de este lunes en la calle Valladolid de la colonia Hidalgo Oriente, en que sujetos armados dieron alcance a un empleado de una constructora, al que amagaron con armas de fuego y le quitaron una maleta con el dinero en efectivo.<\/p>\n\n\n\n<p>Tras ello huyeron, sin que hubiera polic\u00edas en la zona que pudieran perseguirlos y alcanzarlos.<\/p>\n\n\n\n<p>Por otra parte, a cinco ascendi\u00f3 el n\u00famero de personas asesinadas en el transcurso de ayer domingo en Oaxaca.&nbsp;<\/p>\n\n\n\n<p>La quinta v\u00edctima fue en la comunidad de Santa Mar\u00eda Acatepec, del municipio de Villa de Tututepec, donde ejecutaron al se\u00f1or Arnulfo H. B., de 42 a\u00f1os de edad.<\/p>\n\n\n\n<p>Los dem\u00e1s hechos sucedieron dos en Ocotl\u00e1n de Morelos, uno en Huajuapan de Le\u00f3n y otro en Pinotepa Nacional.<\/p>\n","protected":false},"excerpt":{"rendered":"<p>Ismael Garc\u00eda M.\/Zona Roja. Oaxaca de Ju\u00e0rez, Oax., a 14 de agosto de 2023.- En&hellip;<\/p>\n","protected":false},"author":2,"featured_media":58731,"comment_status":"closed","ping_status":"open","sticky":false,"template":"","format":"standard","meta":{"_lmt_disableupdate":"","_lmt_disable":"","_jetpack_memberships_contains_paid_content":false,"footnotes":""},"categories":[109,51],"tags":[228],"class_list":["post-58730","post","type-post","status-publish","format-standard","has-post-thumbnail","hentry","category-minuto-a-minuto","category-zona-roja","tag-matias-romero-avendano"],"jetpack_featured_media_url":"https:\/\/zonaroja.com.mx\/wp-content\/uploads\/2023\/08\/Ejecutado-en-Matias-Romero.jpg","jetpack_sharing_enabled":true,"_links":{"self":[{"href":"https:\/\/zonaroja.com.mx\/index.php?rest_route=\/wp\/v2\/posts\/58730","targetHints":{"allow":["GET"]}}],"collection":[{"href":"https:\/\/zonaroja.com.mx\/index.php?rest_route=\/wp\/v2\/posts"}],"about":[{"href":"https:\/\/zonaroja.com.mx\/index.php?rest_route=\/wp\/v2\/types\/post"}],"author":[{"embeddable":true,"href":"https:\/\/zonaroja.com.mx\/index.php?rest_route=\/wp\/v2\/users\/2"}],"replies":[{"embeddable":true,"href":"https:\/\/zonaroja.com.mx\/index.php?rest_route=%2Fwp%2Fv2%2Fcomments&post=58730"}],"version-history":[{"count":1,"href":"https:\/\/zonaroja.com.mx\/index.php?rest_route=\/wp\/v2\/posts\/58730\/revisions"}],"predecessor-version":[{"id":58732,"href":"https:\/\/zonaroja.com.mx\/index.php?rest_route=\/wp\/v2\/posts\/58730\/revisions\/58732"}],"wp:featuredmedia":[{"embeddable":true,"href":"https:\/\/zonaroja.com.mx\/index.php?rest_route=\/wp\/v2\/media\/58731"}],"wp:attachment":[{"href":"https:\/\/zonaroja.com.mx\/index.php?rest_route=%2Fwp%2Fv2%2Fmedia&parent=58730"}],"wp:term":[{"taxonomy":"category","embeddable":true,"href":"https:\/\/zonaroja.com.mx\/index.php?rest_route=%2Fwp%2Fv2%2Fcategories&post=58730"},{"taxonomy":"post_tag","embeddable":true,"href":"https:\/\/zonaroja.com.mx\/index.php?rest_route=%2Fwp%2Fv2%2Ftags&post=58730"}],"curies":[{"name":"wp","href":"https:\/\/api.w.org\/{rel}","templated":true}]}}