{"id":58733,"date":"2023-08-15T07:55:58","date_gmt":"2023-08-15T12:55:58","guid":{"rendered":"http:\/\/www.zonaroja.com.mx\/?p=58733"},"modified":"2023-08-15T07:56:00","modified_gmt":"2023-08-15T12:56:00","slug":"asalto-armado-y-secuestro-en-la-mixteca-lo-rescata-la-fiscalia","status":"publish","type":"post","link":"https:\/\/zonaroja.com.mx\/?p=58733","title":{"rendered":"Asalto armado y secuestro en la Mixteca; lo rescata la Fiscal\u00eda\u00a0"},"content":{"rendered":"\n<p>Redacci\u00f3n\/Zona Roja.<\/p>\n\n\n\n<p>Oaxaca de Ju\u00e1rez, Oax., 15 de agosto de 2023.- La Fiscal\u00eda General del Estado de Oaxaca (FGEO) realiz\u00f3 un operativo, encabezado por la Agencia Estatal de Investigaciones, el cual permiti\u00f3 localizar y liberar a una persona que hab\u00eda sido secuestrada en la regi\u00f3n de la Mixteca; adem\u00e1s, una persona fue detenida en flagrancia y se aseguraron tres veh\u00edculos.<\/p>\n\n\n\n<p>Los hechos ocurrieron el 12 de agosto de 2023, cuando un grupo de personas viajaba a bordo de un autom\u00f3vil sobre la carretera federal en el tramo que pasa por Asunci\u00f3n Nochixtl\u00e1n, cuando fueron interceptados por dos veh\u00edculos de los que descendieron hombres armados que sometieron a las v\u00edctimas, robaron sus pertenencias, se llevaron su autom\u00f3vil y secuestraron a una persona identificada como J. G. L.&nbsp;<\/p>\n\n\n\n<p>Ante la situaci\u00f3n, dieron aviso a la FGEO que, con datos concretos sobre la probable ubicaci\u00f3n de la v\u00edctima y sus captores, desplegaron un operativo coordinado por elementos de la AEI, por el cual se trasladaron a unas caba\u00f1as localizadas en la colonia La Lobera en la Heroica Ciudad de Tlaxiaco, donde encontraron a la v\u00edctima, a quien pusieron bajo resguardo.<\/p>\n\n\n\n<p>Adem\u00e1s, durante este operativo, detuvieron a una persona del sexo masculino identificada como E. Y. R. Z., quien fue puesto a disposici\u00f3n de la autoridad judicial correspondiente; asimismo, se aseguraron tres veh\u00edculos que se integraron a las investigaciones.&nbsp;<\/p>\n\n\n\n<p>La denuncia inmediata por parte de las v\u00edctimas permiti\u00f3 que la Fiscal\u00eda de Oaxaca realizara un operativo con el que fue posible liberar con vida a la v\u00edctima, labores que refrendan el compromiso que la instituci\u00f3n tiene con la sociedad.<\/p>\n","protected":false},"excerpt":{"rendered":"<p>Redacci\u00f3n\/Zona Roja. Oaxaca de Ju\u00e1rez, Oax., 15 de agosto de 2023.- La Fiscal\u00eda General del&hellip;<\/p>\n","protected":false},"author":2,"featured_media":40303,"comment_status":"closed","ping_status":"open","sticky":false,"template":"","format":"standard","meta":{"_lmt_disableupdate":"","_lmt_disable":"","_jetpack_memberships_contains_paid_content":false,"footnotes":""},"categories":[109,46],"tags":[494],"class_list":["post-58733","post","type-post","status-publish","format-standard","has-post-thumbnail","hentry","category-minuto-a-minuto","category-zona-blanca","tag-fiscalia-general-del-estado-de-oaxaca"],"jetpack_featured_media_url":"https:\/\/zonaroja.com.mx\/wp-content\/uploads\/2022\/04\/secuestro.jpeg","jetpack_sharing_enabled":true,"_links":{"self":[{"href":"https:\/\/zonaroja.com.mx\/index.php?rest_route=\/wp\/v2\/posts\/58733","targetHints":{"allow":["GET"]}}],"collection":[{"href":"https:\/\/zonaroja.com.mx\/index.php?rest_route=\/wp\/v2\/posts"}],"about":[{"href":"https:\/\/zonaroja.com.mx\/index.php?rest_route=\/wp\/v2\/types\/post"}],"author":[{"embeddable":true,"href":"https:\/\/zonaroja.com.mx\/index.php?rest_route=\/wp\/v2\/users\/2"}],"replies":[{"embeddable":true,"href":"https:\/\/zonaroja.com.mx\/index.php?rest_route=%2Fwp%2Fv2%2Fcomments&post=58733"}],"version-history":[{"count":1,"href":"https:\/\/zonaroja.com.mx\/index.php?rest_route=\/wp\/v2\/posts\/58733\/revisions"}],"predecessor-version":[{"id":58739,"href":"https:\/\/zonaroja.com.mx\/index.php?rest_route=\/wp\/v2\/posts\/58733\/revisions\/58739"}],"wp:featuredmedia":[{"embeddable":true,"href":"https:\/\/zonaroja.com.mx\/index.php?rest_route=\/wp\/v2\/media\/40303"}],"wp:attachment":[{"href":"https:\/\/zonaroja.com.mx\/index.php?rest_route=%2Fwp%2Fv2%2Fmedia&parent=58733"}],"wp:term":[{"taxonomy":"category","embeddable":true,"href":"https:\/\/zonaroja.com.mx\/index.php?rest_route=%2Fwp%2Fv2%2Fcategories&post=58733"},{"taxonomy":"post_tag","embeddable":true,"href":"https:\/\/zonaroja.com.mx\/index.php?rest_route=%2Fwp%2Fv2%2Ftags&post=58733"}],"curies":[{"name":"wp","href":"https:\/\/api.w.org\/{rel}","templated":true}]}}