{"id":58740,"date":"2023-08-15T09:30:00","date_gmt":"2023-08-15T14:30:00","guid":{"rendered":"http:\/\/www.zonaroja.com.mx\/?p=58740"},"modified":"2023-08-15T08:04:41","modified_gmt":"2023-08-15T13:04:41","slug":"la-scjn-da-reves-a-congreso-de-oaxaca-con-ley-antipet-y-unicel","status":"publish","type":"post","link":"https:\/\/zonaroja.com.mx\/?p=58740","title":{"rendered":"La SCJN da rev\u00e9s a Congreso de Oaxaca con ley antipet\u00a0y unicel"},"content":{"rendered":"\n<p>Redacci\u00f3n\/Zona Roja.<\/p>\n\n\n\n<p>Ciudad de M\u00e9xico, a 15 de agosto de 2023.- El pleno de la Suprema Corte de Justicia de la Naci\u00f3n emiti\u00f3 una declaratoria general de inconstitucionalidad de las fracciones XI y XII del art\u00edculo 98 de la Ley para la Prevenci\u00f3n y Gesti\u00f3n Integral de los Residuos S\u00f3lidos para el Estado de Oaxaca, relativos a envases, embalajes u otros productos de un solo uso, elaborados con PET (tereftalato de polietileno) o unicel (poliestireno expandido).<\/p>\n\n\n\n<p>La Segunda Sala de La Corte, al resolver el 17 de agosto de 2022 el amparo en revisi\u00f3n 173\/2022, determin\u00f3 que dichas fracciones son inconstitucionales, por invadir la competencia de la Federaci\u00f3n en ese \u00e1mbito y por no ajustarse a lo dispuesto en la Ley General para la Prevenci\u00f3n y Gesti\u00f3n Integral de los Residuos, as\u00ed como a la pol\u00edtica nacional en materia de gesti\u00f3n integral de residuos s\u00f3lidos urbanos de manejo especial.<\/p>\n\n\n\n<p>Dicho asunto fue resuelto por unanimidad de cuatro votos, motivo por el cual, constituy\u00f3 jurisprudencia por precedente obligatorio. En ese sentido, cuando el Pleno o las Salas determinan la inconstitucionalidad de una norma general, se procede a notificar a la autoridad emisora, para que en el plazo de 90 d\u00edas supere el problema de inconstitucionalidad.<\/p>\n\n\n\n<p>As\u00ed, al haber transcurrido dicho plazo sin que el problema de constitucionalidad fuera superado, el pleno determin\u00f3 que deb\u00edan invalidarse con efectos generales los preceptos mencionados. La resoluci\u00f3n surtir\u00e1 efectos a partir de la notificaci\u00f3n de sus puntos resolutivos al Congreso local.<\/p>\n\n\n\n<p>SOMETIMIENTO DE LA CORTE<\/p>\n\n\n\n<p>En un comunicado, el diputado Horacio Sosa Villavicencio, quien promovi\u00f3 en 2019 la norma, destac\u00f3 que el rev\u00e9s a ley antidesechables de Oaxaca evidencia sometimiento de la SCJN al poder econ\u00f3mico.<\/p>\n\n\n\n<p>Mencion\u00f3 que la decisi\u00f3n de la SCJN pone en evidencia su postura sumisa frente al poder econ\u00f3mico de las grandes empresas, a las que ahora se les da luz verde para seguir distribuyendo en Oaxaca productos en envases de un solo uso fabricados con PET y unicel.<\/p>\n\n\n\n<p>Sosa Villavicencio se\u00f1al\u00f3 que la resoluci\u00f3n de la SCJN le dio la espalda a M\u00e9xico y Oaxaca e ignor\u00f3 los esfuerzos que desde las comunidades se hacen para preservar y defender el medio ambiente.<\/p>\n\n\n\n<p>\u201cNo tomaron en cuenta el principio pro persona, y privilegiaron el inter\u00e9s econ\u00f3mico de las empresas. Ignoraron los ejemplos de comunidades en donde hace a\u00f1os est\u00e1 prohibido el uso de desechables de unicel y bolsas de pl\u00e1stico\u201d, se\u00f1al\u00f3.<\/p>\n\n\n\n<p>La adici\u00f3n de las fracciones XI y XII y la reforma aprobada al art\u00edculo 98 a la Ley para la Prevenci\u00f3n y Gesti\u00f3n Integral de los Residuos S\u00f3lidos en Oaxaca, conocida como \u201cLey anti desechables\u201d fue aplaudida por organizaciones ambientalistas y por pa\u00edses Europeos.<\/p>\n\n\n\n<p>En esta nueva disposici\u00f3n, se se\u00f1alaba la prohibici\u00f3n de \u201cvender, distribuir o emplear envases de un solo uso elaborados con tereftalato de polietileno (PET) destinados al agua u otras bebidas, salvo que sean destinados para fines m\u00e9dicos, educativos o para la atenci\u00f3n humanitaria\u201d, y \u201cvender, distribuir o usar envases, embalajes u otros productos de un solo uso elaborados con poliestireno expandido (unicel)\u201d.<\/p>\n\n\n\n<p>&nbsp;El diputado Horacio Sosa Villavicencio se\u00f1al\u00f3 que ser\u00e1 a nivel comunitario en donde se fortalecer\u00e1 la lucha contra las empresas y sus desechos pl\u00e1sticos.<\/p>\n","protected":false},"excerpt":{"rendered":"<p>Redacci\u00f3n\/Zona Roja. Ciudad de M\u00e9xico, a 15 de agosto de 2023.- El pleno de la&hellip;<\/p>\n","protected":false},"author":2,"featured_media":7286,"comment_status":"closed","ping_status":"open","sticky":false,"template":"","format":"standard","meta":{"_lmt_disableupdate":"","_lmt_disable":"","_jetpack_memberships_contains_paid_content":false,"footnotes":""},"categories":[109,47],"tags":[811],"class_list":["post-58740","post","type-post","status-publish","format-standard","has-post-thumbnail","hentry","category-minuto-a-minuto","category-zona-gris","tag-suprema-corte-de-justicia-de-la-nacion"],"jetpack_featured_media_url":"https:\/\/zonaroja.com.mx\/wp-content\/uploads\/2020\/01\/pl\u00e1sticos.jpg","jetpack_sharing_enabled":true,"_links":{"self":[{"href":"https:\/\/zonaroja.com.mx\/index.php?rest_route=\/wp\/v2\/posts\/58740","targetHints":{"allow":["GET"]}}],"collection":[{"href":"https:\/\/zonaroja.com.mx\/index.php?rest_route=\/wp\/v2\/posts"}],"about":[{"href":"https:\/\/zonaroja.com.mx\/index.php?rest_route=\/wp\/v2\/types\/post"}],"author":[{"embeddable":true,"href":"https:\/\/zonaroja.com.mx\/index.php?rest_route=\/wp\/v2\/users\/2"}],"replies":[{"embeddable":true,"href":"https:\/\/zonaroja.com.mx\/index.php?rest_route=%2Fwp%2Fv2%2Fcomments&post=58740"}],"version-history":[{"count":1,"href":"https:\/\/zonaroja.com.mx\/index.php?rest_route=\/wp\/v2\/posts\/58740\/revisions"}],"predecessor-version":[{"id":58741,"href":"https:\/\/zonaroja.com.mx\/index.php?rest_route=\/wp\/v2\/posts\/58740\/revisions\/58741"}],"wp:featuredmedia":[{"embeddable":true,"href":"https:\/\/zonaroja.com.mx\/index.php?rest_route=\/wp\/v2\/media\/7286"}],"wp:attachment":[{"href":"https:\/\/zonaroja.com.mx\/index.php?rest_route=%2Fwp%2Fv2%2Fmedia&parent=58740"}],"wp:term":[{"taxonomy":"category","embeddable":true,"href":"https:\/\/zonaroja.com.mx\/index.php?rest_route=%2Fwp%2Fv2%2Fcategories&post=58740"},{"taxonomy":"post_tag","embeddable":true,"href":"https:\/\/zonaroja.com.mx\/index.php?rest_route=%2Fwp%2Fv2%2Ftags&post=58740"}],"curies":[{"name":"wp","href":"https:\/\/api.w.org\/{rel}","templated":true}]}}