{"id":58742,"date":"2023-08-15T10:30:00","date_gmt":"2023-08-15T15:30:00","guid":{"rendered":"http:\/\/www.zonaroja.com.mx\/?p=58742"},"modified":"2023-08-15T08:12:33","modified_gmt":"2023-08-15T13:12:33","slug":"del-basurero-de-zaachila-a-francia-triunfan-musicos-oaxaquenos-en-gira-internacional","status":"publish","type":"post","link":"https:\/\/zonaroja.com.mx\/?p=58742","title":{"rendered":"Del basurero de Zaachila a Francia: triunfan m\u00fasicos oaxaque\u00f1os en gira internacional"},"content":{"rendered":"\n<p>Yuridiana Sosa\/Zona Roja.<\/p>\n\n\n\n<p>Oaxaca de Ju\u00e1rez, Oax., 14 de agosto de 2023.- La m\u00fasica que un d\u00eda los alej\u00f3 de la delincuencia, hoy los llev\u00f3 a so\u00f1ar despiertos, a volar, a vivir nuevas experiencias. A disfrutar de nuevos horizontes a trav\u00e9s de las melod\u00edas que prendieron desde inmediaciones de un basurero.<\/p>\n\n\n\n<p>Ni\u00f1as, ni\u00f1os y adolescentes de la escuela de Iniciaci\u00f3n Musical \u201cSanta Cecilia\u201d, de la agencia Vicente Guerrero, Villa de Zaachila, Oaxaca, llegaron a Francia para participar en una serie de conciertos este fin de semana y hasta el pr\u00f3ximo 25 de agosto.<\/p>\n\n\n\n<p>Son unos 40 talentosos menores de edad que han puesto el nombre de Oaxaca en alto, pero, sobre todo, demostrando su talento y superaci\u00f3n interpretando grandes cl\u00e1sicos y m\u00fasica tradicional de M\u00e9xico.<\/p>\n\n\n\n<p>La primera presentaci\u00f3n ocurri\u00f3 en la plaza de la Torre Eiffel, el s\u00e1bado deleitaron al p\u00fablico desde el quiosco del parque de Montsouris, Par\u00eds. Y del 13 al 25 de agosto, ofrecer\u00e1n una serie de conciertos en el Festival de M\u00fasica Etoiles Symphoniques de Normand\u00eda, al noroeste de Francia.<\/p>\n\n\n\n<p>Luego de semanas de arduo trabajo desde su comunidad, la agencia de Vicente Guerrero, en Zaachila, y previo a su viaje, el arzobispo de Antequera Oaxaca, Pedro V\u00e1zquez Villalobos, los bendijo y les deseo \u00e9xito en su gira.<\/p>\n\n\n\n<p>DEL SUE\u00d1O A LA REALIDAD<\/p>\n\n\n\n<p>Cansados de vivir en medio de la violencia y la pobreza, en zona aleda\u00f1a al basurero de la zona conurbada en Zaachila, una veintena de ni\u00f1os y adolescentes encontraron en la m\u00fasica una alternativa para cambiar sus vidas en el a\u00f1o 2011.<\/p>\n\n\n\n<figure class=\"wp-block-embed is-type-rich is-provider-twitter wp-block-embed-twitter\"><div class=\"wp-block-embed__wrapper\">\n<div class=\"twitter-tweet\"><blockquote class=\"twitter-tweet\" data-lang=\"es\"><p lang=\"es\" dir=\"ltr\">2. Previo a la partida de la banda de m\u00fasica \u201cSanta Cecilia\u201d hacia Par\u00eds, Francia, el arzobispo de Antequera Oaxaca, Pedro V\u00e1zquez Villalobos, los bendijo y les deseo \u00e9xito. <a href=\"https:\/\/t.co\/PKJmZ7GqWt\">pic.twitter.com\/PKJmZ7GqWt<\/a><\/p>&mdash; Zona Roja Oaxaca (@ZonaRoja_Oaxaca) <a href=\"https:\/\/twitter.com\/ZonaRoja_Oaxaca\/status\/1691166557936795648?ref_src=twsrc%5Etfw\">14 de agosto de 2023<\/a><\/blockquote><\/div>\n<\/div><\/figure>\n\n\n\n<p>Con el impulso del sacerdote de San Bartolo Coyotepec, Jos\u00e9 Renter\u00eda, y el apoyo del maestro Camerino L\u00f3pez Manzano, egresado en ese entonces del Centro de Capacitaci\u00f3n Musical Mixe de Santa Mar\u00eda Tlahitoltepec, naci\u00f3 la Escuela de Iniciaci\u00f3n Musical \u201cSanta Cecilia\u201d, la cual se consolid\u00f3 en el 2016.<\/p>\n\n\n\n<p>Esta banda impresion\u00f3 a propios y extra\u00f1os desde sus inicios, pues a\u00fan un lugar digno para ensayos e inclusos sin instrumentos, los ni\u00f1os y adolescentes comenzaron a hacer m\u00fasico con instrumentos improvisados hechos con sillas, mangueras, boquillas, entre otros objetos con los que pudieran hacer m\u00fasica.<\/p>\n\n\n\n<p>La vida de esta agrupaci\u00f3n cambi\u00f3 con la visita repentina de la piloto francesa Isabelle De Boves, integrante del Coro Air France, quien dos semanas despu\u00e9s de conocerlos envi\u00f3 a los ni\u00f1os sus primeros instrumentos recaudados entre sus colegas y amigos.<\/p>\n\n\n\n<p>Desde ese entonces, la integrante del Coro Air France es una de sus principales benefactoras de la banda, la cual ya tuvo la oportunidad de compartir escenario con el coro internacional en 2018 con el fin de recaudar fondos para la construcci\u00f3n de las instalaciones de su escuela. &nbsp;<\/p>\n\n\n\n<p>&nbsp;Un a\u00f1o antes, los j\u00f3venes de \u201cSanta Cecilia\u201d ya ofrec\u00edan conciertos, como fue el \u201cConcierto por la paz y la reconstrucci\u00f3n del tejido comunitario\u201d, realizado en inmediaciones del basurero municipal de la Villa de Zaachila.<\/p>\n\n\n\n<p>Hoy los integrantes de la Escuela de Iniciaci\u00f3n Musical \u201cSanta Cecilia\u201d viven nuevas metas y cumplen sus sue\u00f1os.&nbsp;<\/p>\n","protected":false},"excerpt":{"rendered":"<p>Yuridiana Sosa\/Zona Roja. Oaxaca de Ju\u00e1rez, Oax., 14 de agosto de 2023.- La m\u00fasica que&hellip;<\/p>\n","protected":false},"author":2,"featured_media":58734,"comment_status":"closed","ping_status":"open","sticky":false,"template":"","format":"standard","meta":{"_lmt_disableupdate":"","_lmt_disable":"","_jetpack_memberships_contains_paid_content":false,"footnotes":""},"categories":[109,46],"tags":[706],"class_list":["post-58742","post","type-post","status-publish","format-standard","has-post-thumbnail","hentry","category-minuto-a-minuto","category-zona-blanca","tag-banda-santa-cecilia-zaachila"],"jetpack_featured_media_url":"https:\/\/zonaroja.com.mx\/wp-content\/uploads\/2023\/08\/Concierto-banda-Santa-Cecilia-Paris.jpg","jetpack_sharing_enabled":true,"_links":{"self":[{"href":"https:\/\/zonaroja.com.mx\/index.php?rest_route=\/wp\/v2\/posts\/58742","targetHints":{"allow":["GET"]}}],"collection":[{"href":"https:\/\/zonaroja.com.mx\/index.php?rest_route=\/wp\/v2\/posts"}],"about":[{"href":"https:\/\/zonaroja.com.mx\/index.php?rest_route=\/wp\/v2\/types\/post"}],"author":[{"embeddable":true,"href":"https:\/\/zonaroja.com.mx\/index.php?rest_route=\/wp\/v2\/users\/2"}],"replies":[{"embeddable":true,"href":"https:\/\/zonaroja.com.mx\/index.php?rest_route=%2Fwp%2Fv2%2Fcomments&post=58742"}],"version-history":[{"count":1,"href":"https:\/\/zonaroja.com.mx\/index.php?rest_route=\/wp\/v2\/posts\/58742\/revisions"}],"predecessor-version":[{"id":58743,"href":"https:\/\/zonaroja.com.mx\/index.php?rest_route=\/wp\/v2\/posts\/58742\/revisions\/58743"}],"wp:featuredmedia":[{"embeddable":true,"href":"https:\/\/zonaroja.com.mx\/index.php?rest_route=\/wp\/v2\/media\/58734"}],"wp:attachment":[{"href":"https:\/\/zonaroja.com.mx\/index.php?rest_route=%2Fwp%2Fv2%2Fmedia&parent=58742"}],"wp:term":[{"taxonomy":"category","embeddable":true,"href":"https:\/\/zonaroja.com.mx\/index.php?rest_route=%2Fwp%2Fv2%2Fcategories&post=58742"},{"taxonomy":"post_tag","embeddable":true,"href":"https:\/\/zonaroja.com.mx\/index.php?rest_route=%2Fwp%2Fv2%2Ftags&post=58742"}],"curies":[{"name":"wp","href":"https:\/\/api.w.org\/{rel}","templated":true}]}}