{"id":58744,"date":"2023-08-15T11:30:00","date_gmt":"2023-08-15T16:30:00","guid":{"rendered":"http:\/\/www.zonaroja.com.mx\/?p=58744"},"modified":"2023-08-15T08:13:45","modified_gmt":"2023-08-15T13:13:45","slug":"periodista-ciro-gomez-leyva-pide-apoyo-de-fgr-para-esclarecer-atentado","status":"publish","type":"post","link":"https:\/\/zonaroja.com.mx\/?p=58744","title":{"rendered":"Periodista Ciro G\u00f3mez Leyva pide apoyo de FGR para esclarecer atentado"},"content":{"rendered":"\n<p>Redacci\u00f3n\/Zona Roja Cdmx.<\/p>\n\n\n\n<p>Ciudad de M\u00e9xico, a 15 de agosto de 2023.- El periodista Ciro G\u00f3mez Leyva anunci\u00f3 este lunes 14 de agosto que buscar\u00e1 el apoyo de la Fiscal\u00eda General de la Rep\u00fablica (FGR) en la investigaci\u00f3n relacionada con el atentado que sufri\u00f3 en diciembre de 2022, en inmediaciones de su domicilio, en la alcald\u00eda \u00c1lvaro Obreg\u00f3n de Ciudad de M\u00e9xico.<\/p>\n\n\n\n<p>A ocho meses del ataque contra su vida, agradeci\u00f3 el trabajo que ha realizado la Fiscal\u00eda capitalina, quien detuvo a los autores materiales, pero asegur\u00f3 que a\u00fan hay incertidumbre total sobre qui\u00e9n y por qu\u00e9 quisieron asesinarlo.<\/p>\n\n\n\n<p>\u201cBuscar\u00e9 el apoyo de la Fiscal\u00eda de Delitos Contra la Libertad de Expresi\u00f3n de la FGR\u201d, comparti\u00f3 en su cuenta de la red social X.<\/p>\n\n\n\n<p>El pasado 15 de diciembre de 2022, el periodista fue atacado a balazos cuando su camioneta circulaba por calles de la colonia Florida, al sur de la Ciudad de M\u00e9xico.<\/p>\n\n\n\n<p>Tras la agresi\u00f3n, Ciro G\u00f3mez Leyva detall\u00f3 que \u00e9l no ten\u00eda escoltas, pero logr\u00f3 salvar su vida gracias a que la camioneta que conduc\u00eda, la cual le proporcion\u00f3 la cadena de televisi\u00f3n Imagen, donde labora, era blindada.<\/p>\n\n\n\n<p>\u201cNo ten\u00eda amenazas, no tengo pleitos con nadie, no tengo deudas\u201d, asegur\u00f3 en aquella ocasi\u00f3n.<\/p>\n\n\n\n<p>Hasta ahora hay 13 personas detenidas, entre ellos el l\u00edder de la c\u00e9lula criminal que atent\u00f3 contra el periodista la cual presuntamente trabajaba para un c\u00e1rtel de la droga.<\/p>\n\n\n\n<p>Omar Garc\u00eda Harfuch, jefe de la polic\u00eda de Ciudad de M\u00e9xico, dijo recientemente que uno de los autores materiales del atentado es conocido como \u201cEl Patr\u00f3n\u201d y podr\u00eda estar vinculado al C\u00e1rtel Jalisco Nueva Generaci\u00f3n (CJNG).<\/p>\n\n\n\n<p>Hasta ahora la FGR no ha emitido alguna comunicaci\u00f3n oficial con relaci\u00f3n a este mensaje del periodista.<\/p>\n\n\n\n<p>(Informaci\u00f3n de \u201cEl Financiero\u201d)<\/p>\n","protected":false},"excerpt":{"rendered":"<p>Redacci\u00f3n\/Zona Roja Cdmx. Ciudad de M\u00e9xico, a 15 de agosto de 2023.- El periodista Ciro&hellip;<\/p>\n","protected":false},"author":2,"featured_media":49493,"comment_status":"closed","ping_status":"open","sticky":false,"template":"","format":"standard","meta":{"_lmt_disableupdate":"","_lmt_disable":"","_jetpack_memberships_contains_paid_content":false,"footnotes":""},"categories":[109,47],"tags":[3354],"class_list":["post-58744","post","type-post","status-publish","format-standard","has-post-thumbnail","hentry","category-minuto-a-minuto","category-zona-gris","tag-ciro-gomez-leyva"],"jetpack_featured_media_url":"https:\/\/zonaroja.com.mx\/wp-content\/uploads\/2022\/12\/Ciro-Gonez-Leyva.jpeg","jetpack_sharing_enabled":true,"_links":{"self":[{"href":"https:\/\/zonaroja.com.mx\/index.php?rest_route=\/wp\/v2\/posts\/58744","targetHints":{"allow":["GET"]}}],"collection":[{"href":"https:\/\/zonaroja.com.mx\/index.php?rest_route=\/wp\/v2\/posts"}],"about":[{"href":"https:\/\/zonaroja.com.mx\/index.php?rest_route=\/wp\/v2\/types\/post"}],"author":[{"embeddable":true,"href":"https:\/\/zonaroja.com.mx\/index.php?rest_route=\/wp\/v2\/users\/2"}],"replies":[{"embeddable":true,"href":"https:\/\/zonaroja.com.mx\/index.php?rest_route=%2Fwp%2Fv2%2Fcomments&post=58744"}],"version-history":[{"count":1,"href":"https:\/\/zonaroja.com.mx\/index.php?rest_route=\/wp\/v2\/posts\/58744\/revisions"}],"predecessor-version":[{"id":58745,"href":"https:\/\/zonaroja.com.mx\/index.php?rest_route=\/wp\/v2\/posts\/58744\/revisions\/58745"}],"wp:featuredmedia":[{"embeddable":true,"href":"https:\/\/zonaroja.com.mx\/index.php?rest_route=\/wp\/v2\/media\/49493"}],"wp:attachment":[{"href":"https:\/\/zonaroja.com.mx\/index.php?rest_route=%2Fwp%2Fv2%2Fmedia&parent=58744"}],"wp:term":[{"taxonomy":"category","embeddable":true,"href":"https:\/\/zonaroja.com.mx\/index.php?rest_route=%2Fwp%2Fv2%2Fcategories&post=58744"},{"taxonomy":"post_tag","embeddable":true,"href":"https:\/\/zonaroja.com.mx\/index.php?rest_route=%2Fwp%2Fv2%2Ftags&post=58744"}],"curies":[{"name":"wp","href":"https:\/\/api.w.org\/{rel}","templated":true}]}}