{"id":58746,"date":"2023-08-15T12:30:00","date_gmt":"2023-08-15T17:30:00","guid":{"rendered":"http:\/\/www.zonaroja.com.mx\/?p=58746"},"modified":"2023-08-15T08:16:26","modified_gmt":"2023-08-15T13:16:26","slug":"asesinan-a-otro-politico-en-ecuador-era-dirigente-partidista","status":"publish","type":"post","link":"https:\/\/zonaroja.com.mx\/?p=58746","title":{"rendered":"Asesinan a otro pol\u00edtico en Ecuador; era dirigente partidista"},"content":{"rendered":"\n<p>Redacci\u00f3n\/Zona Roja Cdmx.<\/p>\n\n\n\n<p>Ciudad de M\u00e9xico, a 15 de agosto de 2023.- Pedro Briones, dirigente local de Revoluci\u00f3n Ciudadana, movimiento pol\u00edtico fundado por el ex presidente Rafael Correa, fue asesinado ayer en la provincia ecuatoriana de Esmeraldas, informaron l\u00edderes del partido, a menos de una semana del asesinato del candidato presidencial Fernando Villavicencio, del Movimiento Construye.<\/p>\n\n\n\n<p>Los ecuatorianos acudir\u00e1n a las urnas el domingo para votar en las presidenciales anticipadas despu\u00e9s de que Guillermo Lasso disolvi\u00f3 el Congreso para evitar un juicio pol\u00edtico.<\/p>\n\n\n\n<p>La votaci\u00f3n tendr\u00e1 lugar en medio de altos \u00edndices de criminalidad en el pa\u00eds, con crecientes incidentes de violencia y asesinatos \u2013en ciudades y prisiones\u2013 que Lasso ha atribuido de forma reiterada a las bandas vinculadas al tr\u00e1fico de drogas.<\/p>\n\n\n\n<p>Briones fue asesinado en la puerta de su casa en la localidad de San Mateo, en la norte\u00f1a provincia de Esmeraldas, fronteriza con Colombia.<\/p>\n\n\n\n<p>Dos hombres que se movilizaban en motocicleta le dispararon al cuello; Briones fue llevado al hospital local Delfina Torres de Concha, donde se le declar\u00f3 muerto, inform\u00f3 el diario El Universo.<\/p>\n\n\n\n<p>\u201cMi abrazo solidario a la familia del compa\u00f1ero Pedro Briones, ca\u00eddo en manos de la violencia\u201d, public\u00f3 Luisa Gonz\u00e1lez, candidata presidencial de RC, en la red social X.<\/p>\n\n\n\n<p>\u201cEcuador vive su \u00e9poca m\u00e1s sangrienta. Esto se lo debemos al abandono total de un gobierno inepto y a un Estado tomado por las mafias. \u00a1El cambio es urgente!\u201d, agreg\u00f3.<\/p>\n\n\n\n<p>A su vez, Correa, quien reside en B\u00e9lgica, comparti\u00f3 en X: \u201casesinaron a otro compa\u00f1ero en Esmeraldas. \u00a1Ya basta!\u201d<\/p>\n\n\n\n<p>La polic\u00eda de Ecuador y el ministerio del Interior no respondieron preguntas sobre el homicidio, de acuerdo con las agencias Afp y Reuters.<\/p>\n\n\n\n<p>El pasado mi\u00e9rcoles, Villavicencio, de 59 a\u00f1os, fue acribillado en Quito cuando sal\u00eda de un mitin en esta capital. El hecho conmocion\u00f3 al pa\u00eds y llev\u00f3 a los principales candidatos a prometer en sus campa\u00f1as enfoques duros contra el crimen, lo que fue reiterado la noche del comingo en un debate.<\/p>\n\n\n\n<p>Villavicencio contaba con 10 por ciento de la intenci\u00f3n de voto, seg\u00fan encuestas, y se ubicaba detr\u00e1s de Gonz\u00e1lez, Otto Sonnenholzner, del Partido Avanza, y del candidato ind\u00edgena Yaku P\u00e9rez.<\/p>\n\n\n\n<p>En los comicios presidenciales del pr\u00f3ximo d\u00eda 20, los ecuatorianos tambi\u00e9n elegir\u00e1n a 137 asamble\u00edstas para completar el actual periodo de gobierno que termina en mayo de 2025.<\/p>\n\n\n\n<p>El Movimiento Construye, que postulaba al pol\u00edtico asesinado, design\u00f3 el fin de semana a Christian Zurita, periodista y amigo de Villavicencio, para la candidatura presidencial.<\/p>\n\n\n\n<p>Una de las investigaciones period\u00edsticas de Villavicencio llev\u00f3 al banquillo al ex presidente Rafael Correa, en uno de los casos m\u00e1s emblem\u00e1ticos de lawfare en la regi\u00f3n. Junto con Zurita escribi\u00f3 un reportaje sobre una supuesta trama de sobornos, caso por el cual Correa fue condenado en ausencia a ocho a\u00f1os de c\u00e1rcel.<\/p>\n\n\n\n<p>El Consejo Nacional Electoral a\u00fan debe verificar si Zurita cumple con los requisitos exigidos por la ley para dar su aprobaci\u00f3n a la candidatura. Andrea Gonz\u00e1lez Nader seguir\u00e1 siendo candidata a vicepresidenta.<\/p>\n\n\n\n<p>VA EL FBI<\/p>\n\n\n\n<p>Efectivos de la Oficina Federal de Investigaciones de Estados Unidos, (FBI) comenzaron a trabajar ayer en Ecuador para esclarecer el asesinato de Villavicencio, a pedido de Lasso.<\/p>\n\n\n\n<p>El ministro del Interior, Juan Zapata, explic\u00f3 en rueda de prensa que los agentes extranjeros se reunir\u00e1n con polic\u00edas y la fiscal\u00eda ecuatoriana para determinar el \u00e1mbito de la colaboraci\u00f3n y apoyo, y destac\u00f3 que \u201cel primer paso para dar con los autores materiales ya se dio\u201d, en referencia a los seis colombianos detenidos.<\/p>\n\n\n\n<p>(Informaci\u00f3n de agencias en \u201cLa Jornada\u201d)<\/p>\n","protected":false},"excerpt":{"rendered":"<p>Redacci\u00f3n\/Zona Roja Cdmx. Ciudad de M\u00e9xico, a 15 de agosto de 2023.- Pedro Briones, dirigente&hellip;<\/p>\n","protected":false},"author":2,"featured_media":58738,"comment_status":"closed","ping_status":"open","sticky":false,"template":"","format":"standard","meta":{"_lmt_disableupdate":"","_lmt_disable":"","_jetpack_memberships_contains_paid_content":false,"footnotes":""},"categories":[109,47],"tags":[3644],"class_list":["post-58746","post","type-post","status-publish","format-standard","has-post-thumbnail","hentry","category-minuto-a-minuto","category-zona-gris","tag-fernando-villavicencio-ecuador"],"jetpack_featured_media_url":"https:\/\/zonaroja.com.mx\/wp-content\/uploads\/2023\/08\/Politico-asesinado-en-Ecuador.jpg","jetpack_sharing_enabled":true,"_links":{"self":[{"href":"https:\/\/zonaroja.com.mx\/index.php?rest_route=\/wp\/v2\/posts\/58746","targetHints":{"allow":["GET"]}}],"collection":[{"href":"https:\/\/zonaroja.com.mx\/index.php?rest_route=\/wp\/v2\/posts"}],"about":[{"href":"https:\/\/zonaroja.com.mx\/index.php?rest_route=\/wp\/v2\/types\/post"}],"author":[{"embeddable":true,"href":"https:\/\/zonaroja.com.mx\/index.php?rest_route=\/wp\/v2\/users\/2"}],"replies":[{"embeddable":true,"href":"https:\/\/zonaroja.com.mx\/index.php?rest_route=%2Fwp%2Fv2%2Fcomments&post=58746"}],"version-history":[{"count":1,"href":"https:\/\/zonaroja.com.mx\/index.php?rest_route=\/wp\/v2\/posts\/58746\/revisions"}],"predecessor-version":[{"id":58747,"href":"https:\/\/zonaroja.com.mx\/index.php?rest_route=\/wp\/v2\/posts\/58746\/revisions\/58747"}],"wp:featuredmedia":[{"embeddable":true,"href":"https:\/\/zonaroja.com.mx\/index.php?rest_route=\/wp\/v2\/media\/58738"}],"wp:attachment":[{"href":"https:\/\/zonaroja.com.mx\/index.php?rest_route=%2Fwp%2Fv2%2Fmedia&parent=58746"}],"wp:term":[{"taxonomy":"category","embeddable":true,"href":"https:\/\/zonaroja.com.mx\/index.php?rest_route=%2Fwp%2Fv2%2Fcategories&post=58746"},{"taxonomy":"post_tag","embeddable":true,"href":"https:\/\/zonaroja.com.mx\/index.php?rest_route=%2Fwp%2Fv2%2Ftags&post=58746"}],"curies":[{"name":"wp","href":"https:\/\/api.w.org\/{rel}","templated":true}]}}