{"id":58748,"date":"2023-08-15T13:30:00","date_gmt":"2023-08-15T18:30:00","guid":{"rendered":"http:\/\/www.zonaroja.com.mx\/?p=58748"},"modified":"2023-08-15T08:24:43","modified_gmt":"2023-08-15T13:24:43","slug":"contribuye-profesionalizacion-a-la-humanizacion-de-la-justicia","status":"publish","type":"post","link":"https:\/\/zonaroja.com.mx\/?p=58748","title":{"rendered":"Contribuye\u00a0profesionalizaci\u00f3n a la humanizaci\u00f3n de la justicia"},"content":{"rendered":"\n<p>Redacci\u00f3n\/Zona Roja.<\/p>\n\n\n\n<p>Oaxaca de Ju\u00e1rez, Oax., a 15 de agosto de 2023.- En el Poder Judicial del Estado, uno de los temas medulares en la administraci\u00f3n del magistrado Eduardo Pinacho S\u00e1nchez&nbsp;ha sido sentar bases vigorosas en los procesos de formaci\u00f3n, especializaci\u00f3n y profesionalizaci\u00f3n, mediante esquemas y metodolog\u00edas acordes a los requerimientos del servicio de impartici\u00f3n de justicia con sentido humano; por lo que en esta labor se imparten los Estudios de Especializaci\u00f3n Judicial.&nbsp;<\/p>\n\n\n\n<p>Asimismo, contin\u00faa la&nbsp;maestr\u00eda en Derecho Judicial&nbsp;dise\u00f1ada en conjunto con el Departamento de Derecho de la Universidad de Perugia, Italia, la cual&nbsp;representa una oportunidad de experiencia acad\u00e9mica internacional, sin precedentes para las y los operadores jurisdiccionales de Oaxaca&nbsp;y de&nbsp;diferentes estados del pa\u00eds.<\/p>\n\n\n\n<p>El magistrado Pinacho S\u00e1nchez indic\u00f3&nbsp;que,&nbsp;de acuerdo con diagn\u00f3sticos realizados, algunas de las dificultades que enfrenta&nbsp;el sistema de justicia,&nbsp;se deben a&nbsp;la formaci\u00f3n&nbsp;que tienen los servidores judiciales y para suplir esas deficiencias&nbsp;en su gesti\u00f3n se ha puesto especial&nbsp;\u00e9nfasis en una serie de esquemas de capacitaci\u00f3n, especializaci\u00f3n y profesionalizaci\u00f3n que permita formar ahora a jueces especializados y del m\u00e1s alto nivel.&nbsp;<\/p>\n\n\n\n<p>Puntualiz\u00f3 que se han dise\u00f1ado cursos, talleres, diplomados y especialidades en diversas materias, as\u00ed como en&nbsp;temas de actualidad pues constantemente las normas se reforman y eso hace que los operadores se&nbsp;est\u00e9n&nbsp;capacitando&nbsp;para cumplir con profesionalismo&nbsp;su labor en beneficio de la ciudadan\u00eda.&nbsp;<\/p>\n\n\n\n<p>Este fin de semana,&nbsp;como parte de los Estudios de Especializaci\u00f3n Judicial se impartieron los&nbsp;m\u00f3dulos \u00abPruebas\u00bb a cargo de las juezas Mar\u00eda de&nbsp;Lourdes Hern\u00e1ndez Enr\u00edquez y Perla In\u00e9s Garc\u00eda Mart\u00ednez, \u00abMecanismos Alternativos de Soluci\u00f3n de Controversias\u00bb, a cargo de la maestra&nbsp;Nancy Fleming Tello y \u00abTeor\u00eda de Consecuencias Jur\u00eddicas del Delito\u00bb, con el juez&nbsp;Luis Francisco&nbsp;Gonz\u00e1lez S\u00e1nchez.<\/p>\n\n\n\n<p>Las y los servidores p\u00fablicos judiciales, abogados y personal de otras instituciones que&nbsp;tienen la oportunidad de cursar&nbsp;estos estudios en las materias de&nbsp;Derecho Civil-Mercantil, Derecho Familiar, Derecho Penal Sustantivo, Derechos Humanos y&nbsp;Sistema Acusatorio Penal,&nbsp;aprobaron un estricto proceso de selecci\u00f3n&nbsp;y reunieron los requisitos&nbsp;establecidos en la Convocatoria p\u00fablica.<\/p>\n","protected":false},"excerpt":{"rendered":"<p>Redacci\u00f3n\/Zona Roja. Oaxaca de Ju\u00e1rez, Oax., a 15 de agosto de 2023.- En el Poder&hellip;<\/p>\n","protected":false},"author":2,"featured_media":58737,"comment_status":"closed","ping_status":"open","sticky":false,"template":"","format":"standard","meta":{"_lmt_disableupdate":"","_lmt_disable":"","_jetpack_memberships_contains_paid_content":false,"footnotes":""},"categories":[109,46],"tags":[223],"class_list":["post-58748","post","type-post","status-publish","format-standard","has-post-thumbnail","hentry","category-minuto-a-minuto","category-zona-blanca","tag-poder-judicial-de-oaxaca"],"jetpack_featured_media_url":"https:\/\/zonaroja.com.mx\/wp-content\/uploads\/2023\/08\/Modulo-Teoria-de-Consecuencias-Juridicas-del-Delito.jpg","jetpack_sharing_enabled":true,"_links":{"self":[{"href":"https:\/\/zonaroja.com.mx\/index.php?rest_route=\/wp\/v2\/posts\/58748","targetHints":{"allow":["GET"]}}],"collection":[{"href":"https:\/\/zonaroja.com.mx\/index.php?rest_route=\/wp\/v2\/posts"}],"about":[{"href":"https:\/\/zonaroja.com.mx\/index.php?rest_route=\/wp\/v2\/types\/post"}],"author":[{"embeddable":true,"href":"https:\/\/zonaroja.com.mx\/index.php?rest_route=\/wp\/v2\/users\/2"}],"replies":[{"embeddable":true,"href":"https:\/\/zonaroja.com.mx\/index.php?rest_route=%2Fwp%2Fv2%2Fcomments&post=58748"}],"version-history":[{"count":1,"href":"https:\/\/zonaroja.com.mx\/index.php?rest_route=\/wp\/v2\/posts\/58748\/revisions"}],"predecessor-version":[{"id":58749,"href":"https:\/\/zonaroja.com.mx\/index.php?rest_route=\/wp\/v2\/posts\/58748\/revisions\/58749"}],"wp:featuredmedia":[{"embeddable":true,"href":"https:\/\/zonaroja.com.mx\/index.php?rest_route=\/wp\/v2\/media\/58737"}],"wp:attachment":[{"href":"https:\/\/zonaroja.com.mx\/index.php?rest_route=%2Fwp%2Fv2%2Fmedia&parent=58748"}],"wp:term":[{"taxonomy":"category","embeddable":true,"href":"https:\/\/zonaroja.com.mx\/index.php?rest_route=%2Fwp%2Fv2%2Fcategories&post=58748"},{"taxonomy":"post_tag","embeddable":true,"href":"https:\/\/zonaroja.com.mx\/index.php?rest_route=%2Fwp%2Fv2%2Ftags&post=58748"}],"curies":[{"name":"wp","href":"https:\/\/api.w.org\/{rel}","templated":true}]}}