{"id":5875,"date":"2019-11-19T07:46:54","date_gmt":"2019-11-19T13:46:54","guid":{"rendered":"http:\/\/www.zonaroja.com.mx\/?p=5875"},"modified":"2019-11-19T07:46:56","modified_gmt":"2019-11-19T13:46:56","slug":"once-muertos-y-20-heridos-tras-choque-de-tres-autobuses-en-la-mexico-pachuca","status":"publish","type":"post","link":"https:\/\/zonaroja.com.mx\/?p=5875","title":{"rendered":"Once muertos y 20 heridos tras choque de tres autobuses en la M\u00e9xico-Pachuca"},"content":{"rendered":"\n<p>Redacci\u00f3n\/Zona Roja Cdmx.<\/p>\n\n\n\n<p>Ciudad de M\u00e9xico, 19 de noviembre de\n2019.- &nbsp;Al menos 11 personas perdieron la\nvida anoche, entre ellas un ni\u00f1o de cuatro a\u00f1os, y 20 resultaron heridas en un\naccidente en el que se vieron involucrados tres camiones de pasajeros, dos de\nellos de la ruta Autobuses Teotihuacanos, en el kil\u00f3metro 16 de la autopista\nM\u00e9xico-Pachuca.<\/p>\n\n\n\n<p>El percance ocurri\u00f3 pasadas las 20:00\nhoras camino a Pachuca, en las inmediaciones de la parada conocida como \u201cEl\nGallito\u201d, cuando los dos camiones de la ruta San Juan Teotihuac\u00e1n con n\u00fameros\necon\u00f3micos 627 y 255 se encontraban estacionados sobre el acotamiento en espera\nde pasaje.<\/p>\n\n\n\n<p>De repente, fueron alcanzados por\ndetr\u00e1s por un cami\u00f3n de pasajeros verde cuyo conductor intent\u00f3 rebasar por el\nacotamiento. Tras el impacto, decenas de pasajeros quedaron prensados; el\nayuntamiento confirm\u00f3 la muerte de 11 personas.<\/p>\n\n\n\n<p>Efectivos de la Polic\u00eda Federal\nnotificaron que al menos cinco de los nueve fallecidos son hombres de entre 30\ny 50 a\u00f1os de edad; tres, mujeres de entre 49 y 50 a\u00f1os y el menor de cuatro\na\u00f1os del sexo masculino.<\/p>\n\n\n\n<p>Elementos de Protecci\u00f3n Civil y\nrescatistas de los municipios de Ecatepec y Coacalco, con apoyo de cinco\nunidades de Atenci\u00f3n Prehospitalaria, trasladaron a por lo menos 20 pasajeros\nlesionados, muchos de ellos de gravedad.<\/p>\n\n\n\n<p>El autob\u00fas con placas 502-HF5 y n\u00famero\necon\u00f3mico 96 qued\u00f3 semidestruido al impactarse contra un cami\u00f3n de la l\u00ednea\nTeotihuacanos estacionado en el acotamiento, que a su vez afect\u00f3 otra unidad de\nla misma empresa.<\/p>\n\n\n\n<p>El primer autob\u00fas, cubierto con\npublicidad, sali\u00f3 de paradero del Metro Indios Verdes, en la Ciudad de M\u00e9xico,\ny se dirig\u00eda a Plaza Coacalco y Eje 8, en Coacalco.<\/p>\n","protected":false},"excerpt":{"rendered":"<p>Redacci\u00f3n\/Zona Roja Cdmx. Ciudad de M\u00e9xico, 19 de noviembre de 2019.- &nbsp;Al menos 11 personas&hellip;<\/p>\n","protected":false},"author":2,"featured_media":5876,"comment_status":"closed","ping_status":"open","sticky":false,"template":"","format":"standard","meta":{"_lmt_disableupdate":"","_lmt_disable":"","_jetpack_memberships_contains_paid_content":false,"footnotes":""},"categories":[109,51],"tags":[],"class_list":["post-5875","post","type-post","status-publish","format-standard","has-post-thumbnail","hentry","category-minuto-a-minuto","category-zona-roja"],"jetpack_featured_media_url":"https:\/\/zonaroja.com.mx\/wp-content\/uploads\/2019\/11\/Choque-autobuses.jpg","jetpack_sharing_enabled":true,"_links":{"self":[{"href":"https:\/\/zonaroja.com.mx\/index.php?rest_route=\/wp\/v2\/posts\/5875","targetHints":{"allow":["GET"]}}],"collection":[{"href":"https:\/\/zonaroja.com.mx\/index.php?rest_route=\/wp\/v2\/posts"}],"about":[{"href":"https:\/\/zonaroja.com.mx\/index.php?rest_route=\/wp\/v2\/types\/post"}],"author":[{"embeddable":true,"href":"https:\/\/zonaroja.com.mx\/index.php?rest_route=\/wp\/v2\/users\/2"}],"replies":[{"embeddable":true,"href":"https:\/\/zonaroja.com.mx\/index.php?rest_route=%2Fwp%2Fv2%2Fcomments&post=5875"}],"version-history":[{"count":1,"href":"https:\/\/zonaroja.com.mx\/index.php?rest_route=\/wp\/v2\/posts\/5875\/revisions"}],"predecessor-version":[{"id":5877,"href":"https:\/\/zonaroja.com.mx\/index.php?rest_route=\/wp\/v2\/posts\/5875\/revisions\/5877"}],"wp:featuredmedia":[{"embeddable":true,"href":"https:\/\/zonaroja.com.mx\/index.php?rest_route=\/wp\/v2\/media\/5876"}],"wp:attachment":[{"href":"https:\/\/zonaroja.com.mx\/index.php?rest_route=%2Fwp%2Fv2%2Fmedia&parent=5875"}],"wp:term":[{"taxonomy":"category","embeddable":true,"href":"https:\/\/zonaroja.com.mx\/index.php?rest_route=%2Fwp%2Fv2%2Fcategories&post=5875"},{"taxonomy":"post_tag","embeddable":true,"href":"https:\/\/zonaroja.com.mx\/index.php?rest_route=%2Fwp%2Fv2%2Ftags&post=5875"}],"curies":[{"name":"wp","href":"https:\/\/api.w.org\/{rel}","templated":true}]}}