{"id":58753,"date":"2023-08-15T11:29:00","date_gmt":"2023-08-15T16:29:00","guid":{"rendered":"http:\/\/www.zonaroja.com.mx\/?p=58753"},"modified":"2023-08-15T14:37:42","modified_gmt":"2023-08-15T19:37:42","slug":"terrible-feminicidio-se-llevo-a-la-novia-adolescente-la-quemo-y-enterro","status":"publish","type":"post","link":"https:\/\/zonaroja.com.mx\/?p=58753","title":{"rendered":"\u00a1Terrible feminicidio! Se llev\u00f3 a la novia adolescente; la quem\u00f3 y enterr\u00f3"},"content":{"rendered":"\n<p>Redacci\u00f3n\/Zona Roja.<\/p>\n\n\n\n<p>Oaxaca de Ju\u00e1rez, Oax., a 15 de agosto de 2023.- Una adolescente de 17 a\u00f1os de edad fue llevada con enga\u00f1os por el novio a un paseo en moto. Pero la mat\u00f3, la inciner\u00f3 y despu\u00e9s la enterr\u00f3 clandestinamente. Ya fue detenido.<\/p>\n\n\n\n<p>El probable feminicidio ocurri\u00f3 el pasado 8 de julio, cuando Luis Daniel V. G. le dijo Carmen \u201cN\u201d que ir\u00edan a pasear en moto. Para ello se vieron en un puente de Santa In\u00e9s Yatzeche, localidad de la regi\u00f3n Valles Centrales de Oaxaca; llegaron en un parte de La Compa\u00f1\u00eda, Ejutla.<\/p>\n\n\n\n<p>Tras una discusi\u00f3n y reclamos, Luis Daniel la mat\u00f3, presuntamente a golpes; luego le prendi\u00f3 fuego y la enterr\u00f3. Pero dej\u00f3 algunas prendas en la zona.<\/p>\n\n\n\n<p>La familia comenz\u00f3 la b\u00fasqueda y dio aviso a la Fiscal\u00eda General del Estado y no fue sino hasta el pasado 10 de agosto en que localizaron los restos de Carmen. <\/p>\n\n\n\n<p>Este lunes, la Fiscal\u00eda General del Estado de Oaxaca inform\u00f3 que obtuvo vinculaci\u00f3n a proceso y prisi\u00f3n preventiva contra un hombre identificado como L.D.V.G., por el delito de desaparici\u00f3n cometida por particulares en agravio de una adolescente delito cometido en la regi\u00f3n de Valles Centrales.<\/p>\n\n\n\n<p>En un comunicado, se\u00f1al\u00f3 que, de acuerdo con la indagatoria, los hechos ocurrieron el 8 de julio de 2023 cuando la adolescente fue citada en Santa In\u00e9s Yatzeche, donde la subi\u00f3 a una motocicleta y el imputado la habr\u00eda llevado por la zona de Santa Cruz Nexila, siendo esa la \u00faltima vez que la vieron con vida.<\/p>\n\n\n\n<p>Derivado de las investigaciones realizadas por la Vicefiscal\u00eda General de Atenci\u00f3n a V\u00edctimas y a la Sociedad, a trav\u00e9s de la Unidad Especializada en Desaparici\u00f3n Forzada, se logr\u00f3 obtener una orden de aprehensi\u00f3n por el caso y se ejecut\u00f3, logrando la detenci\u00f3n de L.D.V.G., quien fue presentado ante el juez que conoce la causa, dictando auto de vinculaci\u00f3n a proceso, adem\u00e1s que impuso la medida cautelar de prisi\u00f3n preventiva.<\/p>\n\n\n\n<p>\u201cLa Fiscal\u00eda General de Oaxaca est\u00e1 comprometida con brindar procesos de procuraci\u00f3n de justicia que sean expeditos y con estricto apego a la ley para que se puedan brindar certeza a las v\u00edctimas directas e indirectas de los delitos\u201d, detall\u00f3.<\/p>\n","protected":false},"excerpt":{"rendered":"<p>Redacci\u00f3n\/Zona Roja. Oaxaca de Ju\u00e1rez, Oax., a 15 de agosto de 2023.- Una adolescente de&hellip;<\/p>\n","protected":false},"author":2,"featured_media":34297,"comment_status":"closed","ping_status":"open","sticky":false,"template":"","format":"standard","meta":{"_lmt_disableupdate":"","_lmt_disable":"","_jetpack_memberships_contains_paid_content":false,"footnotes":""},"categories":[109,51],"tags":[610],"class_list":["post-58753","post","type-post","status-publish","format-standard","has-post-thumbnail","hentry","category-minuto-a-minuto","category-zona-roja","tag-feminicidios-oaxaca"],"jetpack_featured_media_url":"https:\/\/zonaroja.com.mx\/wp-content\/uploads\/2021\/11\/Mujer-feminicidio-vilencia-asesinada.jpg","jetpack_sharing_enabled":true,"_links":{"self":[{"href":"https:\/\/zonaroja.com.mx\/index.php?rest_route=\/wp\/v2\/posts\/58753","targetHints":{"allow":["GET"]}}],"collection":[{"href":"https:\/\/zonaroja.com.mx\/index.php?rest_route=\/wp\/v2\/posts"}],"about":[{"href":"https:\/\/zonaroja.com.mx\/index.php?rest_route=\/wp\/v2\/types\/post"}],"author":[{"embeddable":true,"href":"https:\/\/zonaroja.com.mx\/index.php?rest_route=\/wp\/v2\/users\/2"}],"replies":[{"embeddable":true,"href":"https:\/\/zonaroja.com.mx\/index.php?rest_route=%2Fwp%2Fv2%2Fcomments&post=58753"}],"version-history":[{"count":2,"href":"https:\/\/zonaroja.com.mx\/index.php?rest_route=\/wp\/v2\/posts\/58753\/revisions"}],"predecessor-version":[{"id":58755,"href":"https:\/\/zonaroja.com.mx\/index.php?rest_route=\/wp\/v2\/posts\/58753\/revisions\/58755"}],"wp:featuredmedia":[{"embeddable":true,"href":"https:\/\/zonaroja.com.mx\/index.php?rest_route=\/wp\/v2\/media\/34297"}],"wp:attachment":[{"href":"https:\/\/zonaroja.com.mx\/index.php?rest_route=%2Fwp%2Fv2%2Fmedia&parent=58753"}],"wp:term":[{"taxonomy":"category","embeddable":true,"href":"https:\/\/zonaroja.com.mx\/index.php?rest_route=%2Fwp%2Fv2%2Fcategories&post=58753"},{"taxonomy":"post_tag","embeddable":true,"href":"https:\/\/zonaroja.com.mx\/index.php?rest_route=%2Fwp%2Fv2%2Ftags&post=58753"}],"curies":[{"name":"wp","href":"https:\/\/api.w.org\/{rel}","templated":true}]}}