{"id":58756,"date":"2023-08-15T19:07:07","date_gmt":"2023-08-16T00:07:07","guid":{"rendered":"http:\/\/www.zonaroja.com.mx\/?p=58756"},"modified":"2023-08-15T19:07:10","modified_gmt":"2023-08-16T00:07:10","slug":"opinion-serenidad","status":"publish","type":"post","link":"https:\/\/zonaroja.com.mx\/?p=58756","title":{"rendered":"Opini\u00f3n. Serenidad"},"content":{"rendered":"\n<p>Soledad Jarqu\u00edn Edgar*\/SemM\u00e9xico<\/p>\n\n\n\n<p>La falta de serenidad en la discusi\u00f3n pol\u00edtica no es nueva, siempre alcanza los picos m\u00e1s altos durante los procesos electorales, pero no es el \u00fanico motivo, han existido otros para realizar acalorados alegatos: la educaci\u00f3n, el aborto, la militarizaci\u00f3n, la pobreza, el f\u00fatbol\u2026&nbsp;<\/p>\n\n\n\n<p>La diferencia de las discusiones de ayer a las de hoy es el n\u00famero de usuarios en las benditas redes sociales y sus alcances, que tal parece ya no son tan benditas, condici\u00f3n que cambi\u00f3 totalmente \u2013en M\u00e9xico- en la primera d\u00e9cada del actual milenio.<\/p>\n\n\n\n<p>El otro factor es la oposici\u00f3n \u2013lo cual depende de qui\u00e9n estaba o est\u00e9 en el gobierno- cuando el PRI era el partido hegem\u00f3nico, el fuego era amigo y se acallaba m\u00e1s temprano que tarde, si el fuego era enemigo ten\u00eda un alcance limitado, porque exist\u00eda un control de los medios, se desment\u00eda o se ocultaban los hechos en un tris (un ejemplo cl\u00e1sico es la forma en que los medios no contaron lo sucedido el 2 de octubre de 1968). Ahora la situaci\u00f3n tambi\u00e9n es diferente en la actualidad, por lo dicho antes y porque el control de los grandes medios o tradicionales se reduce actualmente a unos cuantos, sobre todo por diferencias irreconciliables personales o pol\u00edticos y por falta de acuerdos financieros.<\/p>\n\n\n\n<p>Se preguntar\u00e1n \u00bfeso es bueno o malo? Mi punto de vista es que es bueno que el Estado-Gobierno no tenga el control de los medios. Lo malo es que todav\u00eda no termina el servilismo medi\u00e1tico para con el poder \u2013sean pol\u00edticos, sean econ\u00f3micos, sean oscuros-. El actual gobierno y sus imitadores en los estados, es decir, los virreyes o gobernadores, tampoco han encontrado la f\u00f3rmula para transparentar la relaci\u00f3n entre gobierno-Estado y medios de comunicaci\u00f3n. Aqu\u00ed seguimos teniendo una discusi\u00f3n pendiente.<\/p>\n\n\n\n<p>Lo claro es que ahora la palabra cant\u00f3 no tiene un solo propietario \u2013que insisto puede ser del Presidente en turno, de los gobernadores, de los militares, de los caciques\u2026; a los que se suman el poder econ\u00f3mico de los empresarios, o de los poderes oscuros \u2013no son personajes de La Guerra de las Galaxias, sino el otro poder que co-gobierna en M\u00e9xico, el crimen organizado-.<\/p>\n\n\n\n<p>&nbsp;Hoy el poder de la palabra est\u00e1 distribuido entre cada uno y cada una de las ciudadanas que poseen al menos una red social \u2013Facebook, Twitter, WhatsApp y varias decenas m\u00e1s-. La estimaci\u00f3n es que este a\u00f1o estas redes sociales est\u00e1n en las manos de 100 millones de personas usuarias del pa\u00eds, quienes en buena parte est\u00e1n sistem\u00e1ticamente opinando.<\/p>\n\n\n\n<p>El desacuerdo de hoy se balancea a partir de Andr\u00e9s Manuel L\u00f3pez Obrador, sus seguidores, los partidarios de Morena, los que han cre\u00eddo fielmente en el gobernador y los beneficios de sus programas.&nbsp;<\/p>\n\n\n\n<p>De otro lado de la balanza est\u00e1n los que no piensan ni creen en la pol\u00edtica y los pol\u00edticos de la cuatrot\u00e9. A cada parte de la balanza se suben \u2013en su oportunidad- los otros poderes, seg\u00fan les convenga. De un lado el poder militar, del otro el poder empresarial, y repartidos los del poder oscuro.<\/p>\n\n\n\n<p>El problema es que no siempre se sabe discutir y como dice el cl\u00e1sico: no siempre hay argumentos, hay dogmatismo de ambos lados; hay descalificaci\u00f3n y discriminaci\u00f3n de g\u00e9nero, sexual, \u00e9tnica; hay actitudes violentas \u2013de g\u00e9nero o no- y hay espec\u00edficos casos de violencia pol\u00edtica contra las mujeres en raz\u00f3n de g\u00e9nero \u2013cuando se trata de una funcionaria p\u00fablica, de una aspirante, de una mujer electa por el voto popular y familiares directos-.<\/p>\n\n\n\n<p>Y hay al menos dos generaciones, una de ellas ya en cargos de decisi\u00f3n, crecidas en medio de las confrontaciones y el uso de redes sociales, en un pa\u00eds dividido, entre buenos, regulares, malos y peores, lo cual deber\u00eda preocuparnos por el futuro que ya nos alcanza y que veremos muy pronto, ojal\u00e1 y no con los resultados funestos que hemos vivido elecci\u00f3n tras elecci\u00f3n.<\/p>\n\n\n\n<p>Porque lo que s\u00ed es real es que de las palabras muchas personas determinan pasar a los hechos, contribuyendo al clima de violencia extrema que hoy vivimos de forma cotidiana.<\/p>\n\n\n\n<p>El pa\u00eds requiere serenidad. Primero tenemos que valorar \u00bfa qui\u00e9n beneficia la discusi\u00f3n en turno? \u00bfqui\u00e9n est\u00e1 detr\u00e1s de la discusi\u00f3n? \u00bfc\u00f3mo contribuimos a la discusi\u00f3n o lo hacemos mejor con nuestro silencio? \u00bfDe verdad tenemos que sumarnos a la discusi\u00f3n? \u00bfqu\u00e9 oculta una discusi\u00f3n?&nbsp;<\/p>\n\n\n\n<p>Tenemos que serenarnos porque a la vuelta de la esquina viene un proceso electoral que requerir\u00e1 de mentes fr\u00edas y no solo corazones apasionados, de informaci\u00f3n y no s\u00f3lo de tendencias medi\u00e1ticas. Necesitamos escucharnos, tenemos que aprender a o\u00edr.&nbsp;<\/p>\n\n\n\n<p>*Periodista y activista feminista.<\/p>\n","protected":false},"excerpt":{"rendered":"<p>Soledad Jarqu\u00edn Edgar*\/SemM\u00e9xico La falta de serenidad en la discusi\u00f3n pol\u00edtica no es nueva, siempre&hellip;<\/p>\n","protected":false},"author":2,"featured_media":52718,"comment_status":"closed","ping_status":"open","sticky":false,"template":"","format":"standard","meta":{"_lmt_disableupdate":"","_lmt_disable":"","_jetpack_memberships_contains_paid_content":false,"footnotes":""},"categories":[456,109],"tags":[1105],"class_list":["post-58756","post","type-post","status-publish","format-standard","has-post-thumbnail","hentry","category-columna","category-minuto-a-minuto","tag-soledad-jarquin-edgar"],"jetpack_featured_media_url":"https:\/\/zonaroja.com.mx\/wp-content\/uploads\/2023\/03\/Soledad-Jarquin-.jpeg","jetpack_sharing_enabled":true,"_links":{"self":[{"href":"https:\/\/zonaroja.com.mx\/index.php?rest_route=\/wp\/v2\/posts\/58756","targetHints":{"allow":["GET"]}}],"collection":[{"href":"https:\/\/zonaroja.com.mx\/index.php?rest_route=\/wp\/v2\/posts"}],"about":[{"href":"https:\/\/zonaroja.com.mx\/index.php?rest_route=\/wp\/v2\/types\/post"}],"author":[{"embeddable":true,"href":"https:\/\/zonaroja.com.mx\/index.php?rest_route=\/wp\/v2\/users\/2"}],"replies":[{"embeddable":true,"href":"https:\/\/zonaroja.com.mx\/index.php?rest_route=%2Fwp%2Fv2%2Fcomments&post=58756"}],"version-history":[{"count":1,"href":"https:\/\/zonaroja.com.mx\/index.php?rest_route=\/wp\/v2\/posts\/58756\/revisions"}],"predecessor-version":[{"id":58757,"href":"https:\/\/zonaroja.com.mx\/index.php?rest_route=\/wp\/v2\/posts\/58756\/revisions\/58757"}],"wp:featuredmedia":[{"embeddable":true,"href":"https:\/\/zonaroja.com.mx\/index.php?rest_route=\/wp\/v2\/media\/52718"}],"wp:attachment":[{"href":"https:\/\/zonaroja.com.mx\/index.php?rest_route=%2Fwp%2Fv2%2Fmedia&parent=58756"}],"wp:term":[{"taxonomy":"category","embeddable":true,"href":"https:\/\/zonaroja.com.mx\/index.php?rest_route=%2Fwp%2Fv2%2Fcategories&post=58756"},{"taxonomy":"post_tag","embeddable":true,"href":"https:\/\/zonaroja.com.mx\/index.php?rest_route=%2Fwp%2Fv2%2Ftags&post=58756"}],"curies":[{"name":"wp","href":"https:\/\/api.w.org\/{rel}","templated":true}]}}