{"id":58758,"date":"2023-08-15T19:16:21","date_gmt":"2023-08-16T00:16:21","guid":{"rendered":"http:\/\/www.zonaroja.com.mx\/?p=58758"},"modified":"2023-08-15T19:16:23","modified_gmt":"2023-08-16T00:16:23","slug":"en-oaxaca-cierran-puertas-para-impulsar-sentencia-mariana-lima","status":"publish","type":"post","link":"https:\/\/zonaroja.com.mx\/?p=58758","title":{"rendered":"En Oaxaca cierran puertas para impulsar \u201cSentencia Mariana Lima\u201d"},"content":{"rendered":"\n<p>Yuridiana Sosa\/Zona Roja.<\/p>\n\n\n\n<p>Oaxaca de Ju\u00e1rez, Oax., a 15 de agosto de 2023.- Como parte de su caravana para promover la \u201cSentencia Mariana Lima Buend\u00eda\u201d, v\u00edctimas de feminicidio, la madre y activista Irinea Buend\u00eda Cortez lleg\u00f3 a Oaxaca; sin embargo, denunci\u00f3 que ninguna autoridad la recibi\u00f3 para escuchar sobre esta hist\u00f3rica determinaci\u00f3n de la SCJN para castigar el feminicidio.<\/p>\n\n\n\n<p>En una protesta pac\u00edfica, desde el z\u00f3calo de la capital oaxaque\u00f1a, la mujer lament\u00f3 la actitud de las autoridades oaxaque\u00f1as, pues este 2023 Oaxaca ha alcanzado primeros lugares a nivel nacional por el asesinato de mujeres por raz\u00f3n de g\u00e9nero.<\/p>\n\n\n\n<p>La v\u00edctima colateral de este delito indic\u00f3 que tendr\u00e1 que volver en otra ocasi\u00f3n para insistir sobre la creaci\u00f3n de una ley en Oaxaca que considere los puntos que se\u00f1al\u00f3 la sentencia en 2015.<\/p>\n\n\n\n<p>Desafortunadamente, agreg\u00f3, no s\u00f3lo Oaxaca es ignorante de la importancia de la \u201cSentencia Mariana Lima\u201d, pues desde que inici\u00f3 su caravana en noviembre de 2022 por todo el pa\u00eds, de los 16 estados que ha visitado, la mayor\u00eda de los funcionarios y gobiernos desconocen sobre el tema.<\/p>\n\n\n\n<p>SENTENCIA<\/p>\n\n\n\n<p>Mariana Lima Buend\u00eda fue asesinada en 2010 por su esposo, Julio C\u00e9sar Hern\u00e1ndez Ballinas, polic\u00eda ministerial que, en complicidad con otros servidores p\u00fablicos del centro de justicia de Chimalhuac\u00e1n, trat\u00f3 hacer pasar el crimen como un suicidio.<\/p>\n\n\n\n<p>La madre de Mariana luch\u00f3 por varios a\u00f1os para comprobar el feminicidio, al que le anteced\u00eda la violencia que vivi\u00f3 la joven, por casi dos a\u00f1os de matrimonio, as\u00ed como que el delito se desat\u00f3 ante la decisi\u00f3n de Lima Buend\u00eda para divorciarse.<\/p>\n\n\n\n<figure class=\"wp-block-embed is-type-rich is-provider-twitter wp-block-embed-twitter\"><div class=\"wp-block-embed__wrapper\">\n<div class=\"twitter-tweet\"><blockquote class=\"twitter-tweet\" data-lang=\"es\"><p lang=\"es\" dir=\"ltr\">2. La ola de feminicidios es por la corrupci\u00f3n en los tres niveles de gobierno, consider\u00f3 la activista Irinea Buend\u00eda Cortez, quien llam\u00f3 a las v\u00edctimas de violencia y a los familiares a denunciar los hechos y a exigir justicia plena. <a href=\"https:\/\/t.co\/jvdsd0Rq0T\">pic.twitter.com\/jvdsd0Rq0T<\/a><\/p>&mdash; Zona Roja Oaxaca (@ZonaRoja_Oaxaca) <a href=\"https:\/\/twitter.com\/ZonaRoja_Oaxaca\/status\/1691549233680162832?ref_src=twsrc%5Etfw\">15 de agosto de 2023<\/a><\/blockquote><\/div>\n<\/div><\/figure>\n\n\n\n<p>En 2015, la Suprema Corte de Justicia de la Naci\u00f3n orden\u00f3 la reapertura del caso y dict\u00f3 criterios para que toda muerte violenta de una mujer se investigara con perspectiva de g\u00e9nero.&nbsp;<\/p>\n\n\n\n<p>En la sentencia los ministros marcaron, paso a paso, el camino que debe seguir el ministerio p\u00fablico para una adecuada indagatoria.<\/p>\n\n\n\n<p>Fue as\u00ed como la Fiscal\u00eda estatal reabri\u00f3 el expediente y al seguir los pasos dictados por la SCJN integr\u00f3 una nueva carpeta de investigaci\u00f3n; su desarrollo, con perspectiva de g\u00e9nero permiti\u00f3 demostrar que Mariana Lima hab\u00eda sido asesinada por su condici\u00f3n de mujer, cometido por su pareja sentimental.<\/p>\n\n\n\n<p>Tras un largo proceso, e l pasado 13 de marzo de 2023 el poder Judicial del Estado de M\u00e9xico notific\u00f3 la sentencia condenatoria de 70 a\u00f1os de prisi\u00f3n (pena m\u00e1xima) contra Julio C\u00e9sar Hern\u00e1ndez Ballinas,&nbsp;que era su pareja y polic\u00eda ministerial de esa entidad.<\/p>\n\n\n\n<p>IMPUNIDAD<\/p>\n\n\n\n<p>Rodeada de lonas de protesta que forman parte de su caravana, y la representaci\u00f3n de un cementerio con cruces y la palabra feminicidio, Irinea Buend\u00eda Cortez, se\u00f1al\u00f3 a la corrupci\u00f3n y a la insensibilidad de los funcionarios como una de las principales causas para que prevalezca la impunidad en este delito.<\/p>\n\n\n\n<p>La madre v\u00edctima indic\u00f3 que es necesario que la sociedad en general se sume a la exigencia de justicia y alto a los feminicidios para demostrarle a las autoridades que no se trata de una petici\u00f3n de unos cuantos, sino colectiva que es urgente atender.&nbsp;<\/p>\n","protected":false},"excerpt":{"rendered":"<p>Yuridiana Sosa\/Zona Roja. Oaxaca de Ju\u00e1rez, Oax., a 15 de agosto de 2023.- Como parte&hellip;<\/p>\n","protected":false},"author":2,"featured_media":58759,"comment_status":"closed","ping_status":"open","sticky":false,"template":"","format":"standard","meta":{"_lmt_disableupdate":"","_lmt_disable":"","_jetpack_memberships_contains_paid_content":false,"footnotes":""},"categories":[109,47],"tags":[3649],"class_list":["post-58758","post","type-post","status-publish","format-standard","has-post-thumbnail","hentry","category-minuto-a-minuto","category-zona-gris","tag-mariana-lima-buendia"],"jetpack_featured_media_url":"https:\/\/zonaroja.com.mx\/wp-content\/uploads\/2023\/08\/Caravana-Mariana-Lima-buendia.jpg","jetpack_sharing_enabled":true,"_links":{"self":[{"href":"https:\/\/zonaroja.com.mx\/index.php?rest_route=\/wp\/v2\/posts\/58758","targetHints":{"allow":["GET"]}}],"collection":[{"href":"https:\/\/zonaroja.com.mx\/index.php?rest_route=\/wp\/v2\/posts"}],"about":[{"href":"https:\/\/zonaroja.com.mx\/index.php?rest_route=\/wp\/v2\/types\/post"}],"author":[{"embeddable":true,"href":"https:\/\/zonaroja.com.mx\/index.php?rest_route=\/wp\/v2\/users\/2"}],"replies":[{"embeddable":true,"href":"https:\/\/zonaroja.com.mx\/index.php?rest_route=%2Fwp%2Fv2%2Fcomments&post=58758"}],"version-history":[{"count":1,"href":"https:\/\/zonaroja.com.mx\/index.php?rest_route=\/wp\/v2\/posts\/58758\/revisions"}],"predecessor-version":[{"id":58760,"href":"https:\/\/zonaroja.com.mx\/index.php?rest_route=\/wp\/v2\/posts\/58758\/revisions\/58760"}],"wp:featuredmedia":[{"embeddable":true,"href":"https:\/\/zonaroja.com.mx\/index.php?rest_route=\/wp\/v2\/media\/58759"}],"wp:attachment":[{"href":"https:\/\/zonaroja.com.mx\/index.php?rest_route=%2Fwp%2Fv2%2Fmedia&parent=58758"}],"wp:term":[{"taxonomy":"category","embeddable":true,"href":"https:\/\/zonaroja.com.mx\/index.php?rest_route=%2Fwp%2Fv2%2Fcategories&post=58758"},{"taxonomy":"post_tag","embeddable":true,"href":"https:\/\/zonaroja.com.mx\/index.php?rest_route=%2Fwp%2Fv2%2Ftags&post=58758"}],"curies":[{"name":"wp","href":"https:\/\/api.w.org\/{rel}","templated":true}]}}