{"id":58761,"date":"2023-08-15T21:31:46","date_gmt":"2023-08-16T02:31:46","guid":{"rendered":"http:\/\/www.zonaroja.com.mx\/?p=58761"},"modified":"2023-08-15T21:31:53","modified_gmt":"2023-08-16T02:31:53","slug":"burlan-ambulantes-a-neri-el-55-no-pago-permiso-de-instalacion-en-festividades","status":"publish","type":"post","link":"https:\/\/zonaroja.com.mx\/?p=58761","title":{"rendered":"Burlan ambulantes a Neri; el 55 % no pag\u00f3 permiso de instalaci\u00f3n en festividades"},"content":{"rendered":"\n<p>Yuridiana Sosa\/ Zona Roja.<\/p>\n\n\n\n<p>Oaxaca de Ju\u00e1rez, Oax., a 15 de agosto de 2023.- Nuevamente, la voluntad del comercio en v\u00eda p\u00fablica se impuso en la capital y sobre el gobierno de Francisco Mart\u00ednez Neri en las pasadas festividades en el Carmen Alto, no s\u00f3lo con obligar permisos para su instalaci\u00f3n, sino con la falta de pago por su estancia.<\/p>\n\n\n\n<p>La burla a la autoridad se evidenci\u00f3 de manera p\u00fablica por el ex funcionario Humberto Contreras, quien mostr\u00f3 documentos sobre el adeudo adem\u00e1s de la mitad de los puestos que se instalaron y con esto, p\u00e9rdidas para el ayuntamiento sobre las ganancias proyectadas por permitir la colocaci\u00f3n de 47 verbeneros.<\/p>\n\n\n\n<p>Apenas 21 locatarios cumplieron con el pago de su permiso, mismos que fueron realizado de forma extempor\u00e1neas, pues a pesar que el dictamen indic\u00f3 que deb\u00edan cumplir con su cuota tres d\u00edas antes de su instalaci\u00f3n para la verbena del 14 al 18 de julio, la mayor\u00eda de quienes cumplieron lo realiz\u00f3 posterior a su colocaci\u00f3n e incluso hasta 10 d\u00edas despu\u00e9s.<\/p>\n\n\n\n<p>El pago de los puestos fue diferente, para algunos fue de 157 pesos, 207 pesos y hasta por 415 pesos.<\/p>\n\n\n\n<p>La estimaci\u00f3n del gobierno municipal por el ingreso de las cuotas por los 47 puestos fue de 16 mil 336 pesos, pero apenas logr\u00f3 recaudar siete mil 157 pesos, un 44 por ciento; mientras que dejaron de percibir nueve mil 179 pesos por 26 puestos que llegaron, vendieron y se fueron sin pagar.<\/p>\n\n\n\n<p>Pero la instalaci\u00f3n de estos puestos hab\u00eda sido rechazada en un primer momento en sesi\u00f3n ordinaria de cabildo del pasado 6 de julio.<\/p>\n\n\n\n<p>Por esta situaci\u00f3n, hasta el presidente Francisco Mart\u00ednez Neri, hab\u00eda vislumbrado un posible conflicto social al romperse con una verbena popular.<\/p>\n\n\n\n<p>&nbsp;\u201cQu\u00e9 hacer para impedir que se pongan? \u00bfUsar la fuerza p\u00fablica? Pero pues ahora hay que acatar lo que dijo el Cabildo\u201d, manifest\u00f3 en aquella ocasi\u00f3n en la que aclar\u00f3 que \u00e9l vot\u00f3 a favor de su instalaci\u00f3n y agreg\u00f3 que desde su perspectiva no se puede negar a esas personas el derecho a vender.<\/p>\n\n\n\n<p>Por los hechos m\u00e1s recientes, el ayuntamiento de Oaxaca de Ju\u00e1rez, a\u00fan no emite una postura sobre las acciones que realizar\u00e1 por esta omisi\u00f3n o las consecuencias que tendr\u00e1 el comercio en v\u00eda p\u00fablica al no cumplir con dicho pago.<\/p>\n","protected":false},"excerpt":{"rendered":"<p>Yuridiana Sosa\/ Zona Roja. Oaxaca de Ju\u00e1rez, Oax., a 15 de agosto de 2023.- Nuevamente,&hellip;<\/p>\n","protected":false},"author":2,"featured_media":58762,"comment_status":"closed","ping_status":"open","sticky":false,"template":"","format":"standard","meta":{"_lmt_disableupdate":"","_lmt_disable":"","_jetpack_memberships_contains_paid_content":false,"footnotes":""},"categories":[109,47],"tags":[2418],"class_list":["post-58761","post","type-post","status-publish","format-standard","has-post-thumbnail","hentry","category-minuto-a-minuto","category-zona-gris","tag-francisco-martinez-neri"],"jetpack_featured_media_url":"https:\/\/zonaroja.com.mx\/wp-content\/uploads\/2023\/08\/Edil-Francisco-Martinez-Neri-y-ambulantes.jpg","jetpack_sharing_enabled":true,"_links":{"self":[{"href":"https:\/\/zonaroja.com.mx\/index.php?rest_route=\/wp\/v2\/posts\/58761","targetHints":{"allow":["GET"]}}],"collection":[{"href":"https:\/\/zonaroja.com.mx\/index.php?rest_route=\/wp\/v2\/posts"}],"about":[{"href":"https:\/\/zonaroja.com.mx\/index.php?rest_route=\/wp\/v2\/types\/post"}],"author":[{"embeddable":true,"href":"https:\/\/zonaroja.com.mx\/index.php?rest_route=\/wp\/v2\/users\/2"}],"replies":[{"embeddable":true,"href":"https:\/\/zonaroja.com.mx\/index.php?rest_route=%2Fwp%2Fv2%2Fcomments&post=58761"}],"version-history":[{"count":1,"href":"https:\/\/zonaroja.com.mx\/index.php?rest_route=\/wp\/v2\/posts\/58761\/revisions"}],"predecessor-version":[{"id":58763,"href":"https:\/\/zonaroja.com.mx\/index.php?rest_route=\/wp\/v2\/posts\/58761\/revisions\/58763"}],"wp:featuredmedia":[{"embeddable":true,"href":"https:\/\/zonaroja.com.mx\/index.php?rest_route=\/wp\/v2\/media\/58762"}],"wp:attachment":[{"href":"https:\/\/zonaroja.com.mx\/index.php?rest_route=%2Fwp%2Fv2%2Fmedia&parent=58761"}],"wp:term":[{"taxonomy":"category","embeddable":true,"href":"https:\/\/zonaroja.com.mx\/index.php?rest_route=%2Fwp%2Fv2%2Fcategories&post=58761"},{"taxonomy":"post_tag","embeddable":true,"href":"https:\/\/zonaroja.com.mx\/index.php?rest_route=%2Fwp%2Fv2%2Ftags&post=58761"}],"curies":[{"name":"wp","href":"https:\/\/api.w.org\/{rel}","templated":true}]}}