{"id":58767,"date":"2023-08-16T07:53:01","date_gmt":"2023-08-16T12:53:01","guid":{"rendered":"http:\/\/www.zonaroja.com.mx\/?p=58767"},"modified":"2023-08-16T07:53:05","modified_gmt":"2023-08-16T12:53:05","slug":"hallan-vehiculos-de-5-jovenes-desaparecidos-en-jalisco-habrian-sido-calcinados","status":"publish","type":"post","link":"https:\/\/zonaroja.com.mx\/?p=58767","title":{"rendered":"Hallan veh\u00edculos de 5 j\u00f3venes desaparecidos en Jalisco; habr\u00edan sido calcinados"},"content":{"rendered":"\n<p>Redacci\u00f3n\/Zona Roja Cdmx.<\/p>\n\n\n\n<p>Ciudad de M\u00e9xico, a 16 de agosto de 2023.- La Fiscal\u00eda de Jalisco detall\u00f3 que localiz\u00f3 un segundo veh\u00edculo que se presume est\u00e1 relacionado con uno de los cinco j\u00f3venes desaparecidos en Lagos de Moreno hace unos d\u00edas, el cual fue encontrado incendiado y en donde se encontraron restos humanos.<\/p>\n\n\n\n<p>Lo anterior fue detallado en conferencia de prensa por el fiscal estatal Luis Joaqu\u00edn M\u00e9ndez Ruiz, quien apunt\u00f3 que dicho veh\u00edculo fue encontrado en la carretera Encarnaci\u00f3n de D\u00edaz-Lagos de Moreno, a la altura de una tienda, la madrugada de este martes, en cuya cajuela fueron encontrados los restos de un hombre.<\/p>\n\n\n\n<p>\u201cDe hecho en el lugar se localiza una laminilla o placa que coincide con la serie que tenemos identificada y previamente reportada por los familiares, que obra ese dato en la carpeta. Abundarles que en el interior del veh\u00edculo se localizaron algunos restos que se presumen son humanos\u201d, puntualiz\u00f3.<\/p>\n\n\n\n<p>Desde el pasado 11 de agosto, se desconoce el paradero de cinco j\u00f3venes que hab\u00edan asistido a una feria en el municipio de Lagos de Moreno.<\/p>\n\n\n\n<p>Los j\u00f3venes fueron identificados como Roberto Olmeda Cu\u00e9llar; Diego Lara Santoyo, Uriel Galv\u00e1n, Jaime Adolfo Mart\u00ednez Miranda y Dante Hern\u00e1ndez.<\/p>\n\n\n\n<p>La \u00faltima vez que fueron vistos, los j\u00f3venes hab\u00edan abordado un veh\u00edculo, el cual fue encontrado este lunes por las autoridades del estado.<\/p>\n\n\n\n<p>Armando Olmeda, pap\u00e1 de Roberto Olmeda Cu\u00e9llar, uno de los cinco j\u00f3venes desaparecidos en Lagos de Moreno, detall\u00f3 que lo m\u00e1s importante es encontrarlos \u201cde una manera o de otra\u201d<\/p>\n\n\n\n<p>En entrevista con Joaqu\u00edn L\u00f3pez-D\u00f3riga para su espacio en Radio F\u00f3rmula, el papa del joven Roberto Olmeda apunt\u00f3 que est\u00e1n esperando a la informaci\u00f3n sobre el caso que tiene la Fiscal\u00eda estatal.<\/p>\n\n\n\n<p>\u201cYa no supe nada de \u00e9l, ya no ha contestado las llamadas, no ha habido contacto con \u00e9l. Fuimos a la Fiscal\u00eda levantamos la denuncia nos dieron los papeles y comenzaron la b\u00fasqueda. Ellos est\u00e1n chambeando y me llaman cada vez que hay informaci\u00f3n (\u2026) Hasta el momento no hay nada, nos dicen que esperemos, vemos operativos por un lado y por otro, est\u00e1n chambeando y no podemos intervenir, esperamos a que hagan su trabajo\u201d, declar\u00f3.<\/p>\n\n\n\n<p>\u201cSon varios d\u00edas y queremos que termine esta cosa. Hoy martes tendr\u00eda que esta en la universidad, hoy fuimos a decirles que no aparece\u201d, subray\u00f3.<\/p>\n\n\n\n<p>\u201cLo m\u00e1s importante es encontrarlos, de una manera o de otra, as\u00ed de fr\u00edo lo digo. Encontrarles es el pedimento que tengo. Nosotros los esperamos con amor en su casa\u201d, declar\u00f3.<\/p>\n\n\n\n<p>(Con informaci\u00f3n de L\u00f3pez-D\u00f3riga Digital)<\/p>\n","protected":false},"excerpt":{"rendered":"<p>Redacci\u00f3n\/Zona Roja Cdmx. Ciudad de M\u00e9xico, a 16 de agosto de 2023.- La Fiscal\u00eda de&hellip;<\/p>\n","protected":false},"author":2,"featured_media":58768,"comment_status":"closed","ping_status":"open","sticky":false,"template":"","format":"standard","meta":{"_lmt_disableupdate":"","_lmt_disable":"","_jetpack_memberships_contains_paid_content":false,"footnotes":""},"categories":[109,47],"tags":[3564],"class_list":["post-58767","post","type-post","status-publish","format-standard","has-post-thumbnail","hentry","category-minuto-a-minuto","category-zona-gris","tag-jalisco"],"jetpack_featured_media_url":"https:\/\/zonaroja.com.mx\/wp-content\/uploads\/2023\/08\/Vehiculo-jovenes-desaparecidos-Jalisco.jpeg","jetpack_sharing_enabled":true,"_links":{"self":[{"href":"https:\/\/zonaroja.com.mx\/index.php?rest_route=\/wp\/v2\/posts\/58767","targetHints":{"allow":["GET"]}}],"collection":[{"href":"https:\/\/zonaroja.com.mx\/index.php?rest_route=\/wp\/v2\/posts"}],"about":[{"href":"https:\/\/zonaroja.com.mx\/index.php?rest_route=\/wp\/v2\/types\/post"}],"author":[{"embeddable":true,"href":"https:\/\/zonaroja.com.mx\/index.php?rest_route=\/wp\/v2\/users\/2"}],"replies":[{"embeddable":true,"href":"https:\/\/zonaroja.com.mx\/index.php?rest_route=%2Fwp%2Fv2%2Fcomments&post=58767"}],"version-history":[{"count":1,"href":"https:\/\/zonaroja.com.mx\/index.php?rest_route=\/wp\/v2\/posts\/58767\/revisions"}],"predecessor-version":[{"id":58769,"href":"https:\/\/zonaroja.com.mx\/index.php?rest_route=\/wp\/v2\/posts\/58767\/revisions\/58769"}],"wp:featuredmedia":[{"embeddable":true,"href":"https:\/\/zonaroja.com.mx\/index.php?rest_route=\/wp\/v2\/media\/58768"}],"wp:attachment":[{"href":"https:\/\/zonaroja.com.mx\/index.php?rest_route=%2Fwp%2Fv2%2Fmedia&parent=58767"}],"wp:term":[{"taxonomy":"category","embeddable":true,"href":"https:\/\/zonaroja.com.mx\/index.php?rest_route=%2Fwp%2Fv2%2Fcategories&post=58767"},{"taxonomy":"post_tag","embeddable":true,"href":"https:\/\/zonaroja.com.mx\/index.php?rest_route=%2Fwp%2Fv2%2Ftags&post=58767"}],"curies":[{"name":"wp","href":"https:\/\/api.w.org\/{rel}","templated":true}]}}