{"id":58770,"date":"2023-08-16T09:30:00","date_gmt":"2023-08-16T14:30:00","guid":{"rendered":"http:\/\/www.zonaroja.com.mx\/?p=58770"},"modified":"2023-08-16T08:06:38","modified_gmt":"2023-08-16T13:06:38","slug":"creciente-violencia-en-salina-cruz-un-ejecutado-anoche","status":"publish","type":"post","link":"https:\/\/zonaroja.com.mx\/?p=58770","title":{"rendered":"Creciente violencia en Salina Cruz: un ejecutado anoche"},"content":{"rendered":"\n<p>Redacci\u00f3n\/Zona Roja.<\/p>\n\n\n\n<p>Oaxaca de Ju\u00e1rez, Oax., a 16 de agosto de 2023.- La violencia sigue imparable en el municipio de Salina Cruz y anoche una persona del sexo masculino fue ejecutada a a balazos.<\/p>\n\n\n\n<p>De acuerdo con informes policiacos, el crimen ocurri\u00f3 cerca de la media noche en la agencia municipal de Bah\u00eda La Ventosa.<\/p>\n\n\n\n<p>El cuerpo, con varios impactos de arma de fuego, fue localizado en un inmueble en abandono, que fue centro recreativo de trabajadores petroleros.<\/p>\n\n\n\n<p>Polic\u00edas municipales arribaron tras las llamadas de auxilio de los vecinos a causa de m\u00faltiples disparos, pero llegaron despu\u00e9s de cometido el crimen y que los presuntos delincuentes lograron huir.<\/p>\n\n\n\n<p>Personal de la Vicefiscal\u00eda Regional del Istmo inici\u00f3 las indagatorias y termin\u00f3 el levantamiento de las evidencias en las primeras horas de este mi\u00e9rcoles.<\/p>\n","protected":false},"excerpt":{"rendered":"<p>Redacci\u00f3n\/Zona Roja. Oaxaca de Ju\u00e1rez, Oax., a 16 de agosto de 2023.- La violencia sigue&hellip;<\/p>\n","protected":false},"author":2,"featured_media":18317,"comment_status":"closed","ping_status":"open","sticky":false,"template":"","format":"standard","meta":{"_lmt_disableupdate":"","_lmt_disable":"","_jetpack_memberships_contains_paid_content":false,"footnotes":""},"categories":[109,51],"tags":[168],"class_list":["post-58770","post","type-post","status-publish","format-standard","has-post-thumbnail","hentry","category-minuto-a-minuto","category-zona-roja","tag-salina-cruz"],"jetpack_featured_media_url":"https:\/\/zonaroja.com.mx\/wp-content\/uploads\/2020\/10\/Escena-del-crimen5.jpg","jetpack_sharing_enabled":true,"_links":{"self":[{"href":"https:\/\/zonaroja.com.mx\/index.php?rest_route=\/wp\/v2\/posts\/58770","targetHints":{"allow":["GET"]}}],"collection":[{"href":"https:\/\/zonaroja.com.mx\/index.php?rest_route=\/wp\/v2\/posts"}],"about":[{"href":"https:\/\/zonaroja.com.mx\/index.php?rest_route=\/wp\/v2\/types\/post"}],"author":[{"embeddable":true,"href":"https:\/\/zonaroja.com.mx\/index.php?rest_route=\/wp\/v2\/users\/2"}],"replies":[{"embeddable":true,"href":"https:\/\/zonaroja.com.mx\/index.php?rest_route=%2Fwp%2Fv2%2Fcomments&post=58770"}],"version-history":[{"count":1,"href":"https:\/\/zonaroja.com.mx\/index.php?rest_route=\/wp\/v2\/posts\/58770\/revisions"}],"predecessor-version":[{"id":58771,"href":"https:\/\/zonaroja.com.mx\/index.php?rest_route=\/wp\/v2\/posts\/58770\/revisions\/58771"}],"wp:featuredmedia":[{"embeddable":true,"href":"https:\/\/zonaroja.com.mx\/index.php?rest_route=\/wp\/v2\/media\/18317"}],"wp:attachment":[{"href":"https:\/\/zonaroja.com.mx\/index.php?rest_route=%2Fwp%2Fv2%2Fmedia&parent=58770"}],"wp:term":[{"taxonomy":"category","embeddable":true,"href":"https:\/\/zonaroja.com.mx\/index.php?rest_route=%2Fwp%2Fv2%2Fcategories&post=58770"},{"taxonomy":"post_tag","embeddable":true,"href":"https:\/\/zonaroja.com.mx\/index.php?rest_route=%2Fwp%2Fv2%2Ftags&post=58770"}],"curies":[{"name":"wp","href":"https:\/\/api.w.org\/{rel}","templated":true}]}}