{"id":5878,"date":"2019-11-19T08:59:19","date_gmt":"2019-11-19T14:59:19","guid":{"rendered":"http:\/\/www.zonaroja.com.mx\/?p=5878"},"modified":"2019-11-19T08:59:21","modified_gmt":"2019-11-19T14:59:21","slug":"organiza-fundacion-oaxaquena-de-equinoterapia-curso-taller-sobre-esta-terapia","status":"publish","type":"post","link":"https:\/\/zonaroja.com.mx\/?p=5878","title":{"rendered":"Organiza Fundaci\u00f3n Oaxaque\u00f1a de Equinoterapia curso-taller sobre esta terapia"},"content":{"rendered":"\n<p>Redacci\u00f3n\/Zona Roja.<\/p>\n\n\n\n<p>Oaxaca de Ju\u00e1rez, Oax., 19 de noviembre\nde 2019.- Del 20 al 24 de noviembre, la Fundaci\u00f3n Oaxaque\u00f1a de Equinoterapia\n(FOE) impartir\u00e1 el curso-taller \u201cUnan nueva visi\u00f3n de equinoterapia\u201d, a cargo\nde la especialista Gabriele Brigitte Walter, pionera de esta pr\u00e1ctica en\nBrasil.<\/p>\n\n\n\n<p>La tambi\u00e9n autora del libro \u201cEquoterapia:\nfundamentos cient\u00edficos\u201d, abordar\u00e1 diferentes aspectos sobre la terapia que se\nemplea con fines de rehabilitaci\u00f3n f\u00edsica y psicol\u00f3gica.<\/p>\n\n\n\n<p>El curso se desarrollar\u00e1 en las\ninstalaciones de FOE en la ciudad de Oaxaca y hasta el momento han confirmado\nsu partici\u00f3n personas de estados como Sinaloa, Jalisco,&nbsp; Tabasco, Chiapas, Veracruz, Puebla, as\u00ed como\nde diferentes regiones de la entidad.<\/p>\n\n\n\n<p>Para mayores informes, los interesados\npueden comunicarse v\u00eda Whatsapp al tel\u00e9fono 951 199 73 24 o al correo\nequinoterapiaoaxaca.contacto@gmail.com.<\/p>\n\n\n\n<p>FOE es una asociaci\u00f3n civil sin fines\nde lucro, fundada el 4 de junio de 2006, que tiene como misi\u00f3n, brindar servicio\nde rehabilitaci\u00f3n con las t\u00e9cnicas de equinoterapia, como una alternativa a\nni\u00f1os y j\u00f3venes con discapacidad. Adem\u00e1s del uso terap\u00e9utico del caballo, se\nbrinda atenci\u00f3n psicol\u00f3gica, pedag\u00f3gica, terapia f\u00edsica y ocupacional.<\/p>\n","protected":false},"excerpt":{"rendered":"<p>Redacci\u00f3n\/Zona Roja. Oaxaca de Ju\u00e1rez, Oax., 19 de noviembre de 2019.- Del 20 al 24&hellip;<\/p>\n","protected":false},"author":2,"featured_media":5879,"comment_status":"closed","ping_status":"open","sticky":false,"template":"","format":"standard","meta":{"_lmt_disableupdate":"","_lmt_disable":"","_jetpack_memberships_contains_paid_content":false,"footnotes":""},"categories":[109,46],"tags":[1029],"class_list":["post-5878","post","type-post","status-publish","format-standard","has-post-thumbnail","hentry","category-minuto-a-minuto","category-zona-blanca","tag-fundacion-oaxaquena-de-equinoterapia"],"jetpack_featured_media_url":"https:\/\/zonaroja.com.mx\/wp-content\/uploads\/2019\/11\/Equinoterapia.jpg","jetpack_sharing_enabled":true,"_links":{"self":[{"href":"https:\/\/zonaroja.com.mx\/index.php?rest_route=\/wp\/v2\/posts\/5878","targetHints":{"allow":["GET"]}}],"collection":[{"href":"https:\/\/zonaroja.com.mx\/index.php?rest_route=\/wp\/v2\/posts"}],"about":[{"href":"https:\/\/zonaroja.com.mx\/index.php?rest_route=\/wp\/v2\/types\/post"}],"author":[{"embeddable":true,"href":"https:\/\/zonaroja.com.mx\/index.php?rest_route=\/wp\/v2\/users\/2"}],"replies":[{"embeddable":true,"href":"https:\/\/zonaroja.com.mx\/index.php?rest_route=%2Fwp%2Fv2%2Fcomments&post=5878"}],"version-history":[{"count":1,"href":"https:\/\/zonaroja.com.mx\/index.php?rest_route=\/wp\/v2\/posts\/5878\/revisions"}],"predecessor-version":[{"id":5880,"href":"https:\/\/zonaroja.com.mx\/index.php?rest_route=\/wp\/v2\/posts\/5878\/revisions\/5880"}],"wp:featuredmedia":[{"embeddable":true,"href":"https:\/\/zonaroja.com.mx\/index.php?rest_route=\/wp\/v2\/media\/5879"}],"wp:attachment":[{"href":"https:\/\/zonaroja.com.mx\/index.php?rest_route=%2Fwp%2Fv2%2Fmedia&parent=5878"}],"wp:term":[{"taxonomy":"category","embeddable":true,"href":"https:\/\/zonaroja.com.mx\/index.php?rest_route=%2Fwp%2Fv2%2Fcategories&post=5878"},{"taxonomy":"post_tag","embeddable":true,"href":"https:\/\/zonaroja.com.mx\/index.php?rest_route=%2Fwp%2Fv2%2Ftags&post=5878"}],"curies":[{"name":"wp","href":"https:\/\/api.w.org\/{rel}","templated":true}]}}