{"id":58780,"date":"2023-08-16T12:30:00","date_gmt":"2023-08-16T17:30:00","guid":{"rendered":"http:\/\/www.zonaroja.com.mx\/?p=58780"},"modified":"2023-08-16T08:59:41","modified_gmt":"2023-08-16T13:59:41","slug":"estudiante-oaxaquena-lleva-bandera-de-cobao-a-nevado-en-peru","status":"publish","type":"post","link":"https:\/\/zonaroja.com.mx\/?p=58780","title":{"rendered":"Estudiante oaxaque\u00f1a lleva bandera de Cobao a nevado en Per\u00fa"},"content":{"rendered":"\n<p>Ismael Garc\u00eda M.\/Zona Roja.<\/p>\n\n\n\n<p>Oaxaca de Ju\u00e1rez, a 16 de agosto de 2023.- En el Colegio de Bachilleres del Estado de Oaxaca (Cobao), la preparaci\u00f3n no es \u00fanicamente acad\u00e9mica.<\/p>\n\n\n\n<p>Generaci\u00f3n tras generaci\u00f3n, tambi\u00e9n forman el car\u00e1cter, temple y fortaleza de las y los estudiantes, quienes llevan en el coraz\u00f3n cada uno de sus logros.<\/p>\n\n\n\n<p>Es el caso de Alba Nidya Soto Dom\u00ednguez, alumna egresada del Cobao plantel Tuxtepec, quien viaj\u00f3 a Per\u00fa para escalar la cumbre del Nevado Ishinka y la monta\u00f1a Huascar\u00e1n, a m\u00e1s de cinco mil 500 y mil 700 metros de altura sobre nivel del mar, respectivamente.<\/p>\n\n\n\n<p>En su primer viaje internacional, al conquistar la cima de estas monta\u00f1as, la joven despleg\u00f3 orgullosa la bandera de su plantel Cobao, de donde egres\u00f3 en el 2008.<\/p>\n\n\n\n<p>Actualmente, Alba Nidya es Ingeniera en Sistemas Computacionales por el Instituto Tecnol\u00f3gico de Tuxtepec, ha escalado tambi\u00e9n el Nevado de Toluca, la Malinche, el Iztacc\u00edhuatl y el Pico de Orizaba en M\u00e9xico.<\/p>\n\n\n\n<p>La preparaci\u00f3n y constancia son factores determinantes para la conquista de las monta\u00f1as m\u00e1s altas del mundo, en donde ahora el nombre de Alba Nidya Soto Dom\u00ednguez, quedar\u00e1 inscrito por siempre en la historia de esta disciplina.<\/p>\n\n\n\n<p>\u201cLa comunidad Cobao se siente muy orgullosa de ti, gracias por llevar hasta lo m\u00e1s alto la bandera del Cobao\u201d, inform\u00f3 la instituci\u00f3n que preside Ver\u00f3nica Hern\u00e1ndez.<\/p>\n","protected":false},"excerpt":{"rendered":"<p>Ismael Garc\u00eda M.\/Zona Roja. Oaxaca de Ju\u00e1rez, a 16 de agosto de 2023.- En el&hellip;<\/p>\n","protected":false},"author":2,"featured_media":58781,"comment_status":"closed","ping_status":"open","sticky":false,"template":"","format":"standard","meta":{"_lmt_disableupdate":"","_lmt_disable":"","_jetpack_memberships_contains_paid_content":false,"footnotes":""},"categories":[109,46],"tags":[2883],"class_list":["post-58780","post","type-post","status-publish","format-standard","has-post-thumbnail","hentry","category-minuto-a-minuto","category-zona-blanca","tag-colegio-de-bachilleres-de-oaxaca-cobao"],"jetpack_featured_media_url":"https:\/\/zonaroja.com.mx\/wp-content\/uploads\/2023\/08\/Estudiante-Cobao-Peru.png","jetpack_sharing_enabled":true,"_links":{"self":[{"href":"https:\/\/zonaroja.com.mx\/index.php?rest_route=\/wp\/v2\/posts\/58780","targetHints":{"allow":["GET"]}}],"collection":[{"href":"https:\/\/zonaroja.com.mx\/index.php?rest_route=\/wp\/v2\/posts"}],"about":[{"href":"https:\/\/zonaroja.com.mx\/index.php?rest_route=\/wp\/v2\/types\/post"}],"author":[{"embeddable":true,"href":"https:\/\/zonaroja.com.mx\/index.php?rest_route=\/wp\/v2\/users\/2"}],"replies":[{"embeddable":true,"href":"https:\/\/zonaroja.com.mx\/index.php?rest_route=%2Fwp%2Fv2%2Fcomments&post=58780"}],"version-history":[{"count":1,"href":"https:\/\/zonaroja.com.mx\/index.php?rest_route=\/wp\/v2\/posts\/58780\/revisions"}],"predecessor-version":[{"id":58782,"href":"https:\/\/zonaroja.com.mx\/index.php?rest_route=\/wp\/v2\/posts\/58780\/revisions\/58782"}],"wp:featuredmedia":[{"embeddable":true,"href":"https:\/\/zonaroja.com.mx\/index.php?rest_route=\/wp\/v2\/media\/58781"}],"wp:attachment":[{"href":"https:\/\/zonaroja.com.mx\/index.php?rest_route=%2Fwp%2Fv2%2Fmedia&parent=58780"}],"wp:term":[{"taxonomy":"category","embeddable":true,"href":"https:\/\/zonaroja.com.mx\/index.php?rest_route=%2Fwp%2Fv2%2Fcategories&post=58780"},{"taxonomy":"post_tag","embeddable":true,"href":"https:\/\/zonaroja.com.mx\/index.php?rest_route=%2Fwp%2Fv2%2Ftags&post=58780"}],"curies":[{"name":"wp","href":"https:\/\/api.w.org\/{rel}","templated":true}]}}