{"id":58786,"date":"2023-08-16T13:02:00","date_gmt":"2023-08-16T18:02:00","guid":{"rendered":"http:\/\/www.zonaroja.com.mx\/?p=58786"},"modified":"2023-08-16T09:08:24","modified_gmt":"2023-08-16T14:08:24","slug":"denuncian-intimidacion-y-hostigamiento-de-policias-contra-defensores-de-ucizoni","status":"publish","type":"post","link":"https:\/\/zonaroja.com.mx\/?p=58786","title":{"rendered":"Denuncian intimidaci\u00f3n y hostigamiento de polic\u00edas contra defensores de Ucizoni"},"content":{"rendered":"\n<p>Redacci\u00f3n\/Zona Roja.<\/p>\n\n\n\n<p>Oaxaca de Ju\u00e1rez, Oax., a 16 de agosto de 2023.- Este 15 de agosto, la Uni\u00f3n de Comunidades Ind\u00edgenas de la Zona Norte del Istmo (Ucizoni), denunci\u00f3 diversas acciones intimidatorias y hostigamientos por parte de la Polic\u00eda Estatal de Oaxaca, elemento de la Marina y de personas desconocidas, que en diversas ocasiones han ingresado en las inmediaciones de las oficinas de la organizaci\u00f3n, en medio de un clima de violencia y persecuci\u00f3n contra defensores de derechos humanos en esta regi\u00f3n.<\/p>\n\n\n\n<p>En su denuncia, la organizaci\u00f3n dijo que este incremento se viene dando desde el 2 de agosto, cuando se percataron de la presencia de la polic\u00eda en las inmediaciones de sus oficinas ubicadas en Rinc\u00f3n Viejo Petapa.&nbsp;<\/p>\n\n\n\n<p>En esta \u00faltima semana, Ucizoni document\u00f3 la \u201cpresencia hostigante e intimidatoria\u201d en cinco ocasiones de la Polic\u00eda Estatal, en las oficinas, y tambi\u00e9n frente a la vivienda del coordinador de la organizaci\u00f3n Carlos Beas.<\/p>\n\n\n\n<p>\u201cTambi\u00e9n hemos ubicado en dos ocasiones la presencia de individuos en moto que sospechosamente y en altas horas de la noche han sido vistos frente al domicilio del coordinador de nuestra organizaci\u00f3n\u201d sostuvieron en su denuncia.<\/p>\n\n\n\n<p>El \u00faltimo incidente ocurri\u00f3 el d\u00eda 14 de agosto a las ocho de la noche, cuando Juana In\u00e9s Ram\u00edrez, defensora e integrante de Ucizoni, fue retenida en el acceso a la colonia La Esperanza, del municipio de Santa Mar\u00eda Petapa &nbsp;por elementos de la Polic\u00eda Estatal y la Marina.<\/p>\n\n\n\n<p>\u201cNuestra compa\u00f1era fue groseramente interrogada por un mando policiaco ex Marino quien se neg\u00f3 a identificarse, \u2018cuestion\u00e1ndome qu\u00e9 no le importaba quien fuera yo, amablemente me identifique y le dije qu\u00e9 colaboro con Ucizoni y que estoy incorporada al mecanismo de protecci\u00f3n a defensores, a lo que de manera prepotente me contest\u00f3 que eso no le importaba, acto seguido reviso la unidad y nos dej\u00f3 retirarnos unos siete minutos despu\u00e9s\u2019\u201d indicaron.<\/p>\n\n\n\n<p>Cabe se\u00f1alar que estas m\u00faltiples violencias y &nbsp;violaciones a los derechos humanos y de los pueblos ind\u00edgenas de esta regi\u00f3n del Istmo, fueron documentadas durante la visita de la Misi\u00f3n Civil de Observaci\u00f3n.&nbsp;<\/p>\n\n\n\n<p>Ah\u00ed habitantes de las comunidades de esta regi\u00f3n expusieron que \u201ctemen por su integridad f\u00edsica y emocional\u201d ante el incremento de la presencia militar y las m\u00faltiples violaciones.<\/p>\n\n\n\n<p>Ucizoni condena este clima de hostigamiento y le exige a los gobiernos federal y estatal respeto para los y las integrantes de la organizaci\u00f3n.<\/p>\n\n\n\n<p>(Informaci\u00f3n de Educa)<\/p>\n","protected":false},"excerpt":{"rendered":"<p>Redacci\u00f3n\/Zona Roja. Oaxaca de Ju\u00e1rez, Oax., a 16 de agosto de 2023.- Este 15 de&hellip;<\/p>\n","protected":false},"author":2,"featured_media":42809,"comment_status":"closed","ping_status":"open","sticky":false,"template":"","format":"standard","meta":{"_lmt_disableupdate":"","_lmt_disable":"","_jetpack_memberships_contains_paid_content":false,"footnotes":""},"categories":[109,47],"tags":[3172],"class_list":["post-58786","post","type-post","status-publish","format-standard","has-post-thumbnail","hentry","category-minuto-a-minuto","category-zona-gris","tag-union-de-comunidades-indigenas-de-la-zona-norte-del-istmo-ucizoni"],"jetpack_featured_media_url":"https:\/\/zonaroja.com.mx\/wp-content\/uploads\/2022\/06\/Ucizoni-Union-de-Comunidades-Istmo.jpeg","jetpack_sharing_enabled":true,"_links":{"self":[{"href":"https:\/\/zonaroja.com.mx\/index.php?rest_route=\/wp\/v2\/posts\/58786","targetHints":{"allow":["GET"]}}],"collection":[{"href":"https:\/\/zonaroja.com.mx\/index.php?rest_route=\/wp\/v2\/posts"}],"about":[{"href":"https:\/\/zonaroja.com.mx\/index.php?rest_route=\/wp\/v2\/types\/post"}],"author":[{"embeddable":true,"href":"https:\/\/zonaroja.com.mx\/index.php?rest_route=\/wp\/v2\/users\/2"}],"replies":[{"embeddable":true,"href":"https:\/\/zonaroja.com.mx\/index.php?rest_route=%2Fwp%2Fv2%2Fcomments&post=58786"}],"version-history":[{"count":1,"href":"https:\/\/zonaroja.com.mx\/index.php?rest_route=\/wp\/v2\/posts\/58786\/revisions"}],"predecessor-version":[{"id":58787,"href":"https:\/\/zonaroja.com.mx\/index.php?rest_route=\/wp\/v2\/posts\/58786\/revisions\/58787"}],"wp:featuredmedia":[{"embeddable":true,"href":"https:\/\/zonaroja.com.mx\/index.php?rest_route=\/wp\/v2\/media\/42809"}],"wp:attachment":[{"href":"https:\/\/zonaroja.com.mx\/index.php?rest_route=%2Fwp%2Fv2%2Fmedia&parent=58786"}],"wp:term":[{"taxonomy":"category","embeddable":true,"href":"https:\/\/zonaroja.com.mx\/index.php?rest_route=%2Fwp%2Fv2%2Fcategories&post=58786"},{"taxonomy":"post_tag","embeddable":true,"href":"https:\/\/zonaroja.com.mx\/index.php?rest_route=%2Fwp%2Fv2%2Ftags&post=58786"}],"curies":[{"name":"wp","href":"https:\/\/api.w.org\/{rel}","templated":true}]}}