{"id":58788,"date":"2023-08-16T17:08:00","date_gmt":"2023-08-16T22:08:00","guid":{"rendered":"http:\/\/www.zonaroja.com.mx\/?p=58788"},"modified":"2023-08-16T09:10:57","modified_gmt":"2023-08-16T14:10:57","slug":"avanza-levantamiento-de-testimonios-en-oaxaca-para-esclarecer-de-violaciones-del-65-al-90","status":"publish","type":"post","link":"https:\/\/zonaroja.com.mx\/?p=58788","title":{"rendered":"Avanza levantamiento de testimonios en Oaxaca para esclarecer de violaciones del 65 al 90"},"content":{"rendered":"\n<p>Yuridiana Sosa\/Zona Roja.<\/p>\n\n\n\n<p>Oaxaca de Ju\u00e1rez, Oax., a 16 de agosto de 2023.- Como parte de los trabajos para el informe nacional que realiza el Mecanismo para el Acceso a la Verdad y el Esclarecimiento Hist\u00f3rico de las violaciones graves a los derechos humanos cometidas de 1965 a 1990 (MEH), este fin de semana se realizar\u00e1 en Oaxaca el foro \u201cDi\u00e1logos por la verdad\u201d.<\/p>\n\n\n\n<p>El comisionado David Fern\u00e1ndez D\u00e1valos indic\u00f3 a ZONA ROJA que durante esta actividad en la ciudad de Oaxaca se contar\u00e1 con el testimonio de al menos 30 personas que vivieron diferentes violaciones a sus derechos humanos durante esa \u00e9poca, los cuales son desde quienes lucharon por sus tierras, democracia, derechos estudiantiles y defensa de derechos humanos, entre otros \u00e1mbitos.<\/p>\n\n\n\n<p>Durante el foro, a realizarse e 18 y 19 de agosto en Real Alh\u00f3ndiga de Antequera, el MEH podr\u00e1n recibir m\u00e1s testimonios que personas v\u00edctimas de alguna violaci\u00f3n por parte del Estado Mexicano entre 1965 y 1990, para integrarlos al informe.<\/p>\n\n\n\n<p>En Oaxaca, estim\u00f3 Fern\u00e1ndez D\u00e1valos, son al menos unos 100 testimonios que han logrado integrar a su informe, mientras que a nivel nacional son un total de mil personas que han compartido sus vivencias.<\/p>\n\n\n\n<p>Los testimonios visibilizan la actuaci\u00f3n de las instituciones y sus omisiones ante las violaciones de los derechos humanos, lo cual da cuenta en muchos casos siguen actuando de la misma forma hasta la \u00e9poca actual.<\/p>\n\n\n\n<p>Por eso es importante, dijo, dar una vista al pasado para cambiar el futuro de las instituciones; saber c\u00f3mo cambiarlas y tratar de garantizar la no repetici\u00f3n de actos.<\/p>\n\n\n\n<p>Las personas interesadas en el foro \u201cDi\u00e1logos por la verdad\u201d podr\u00e1n asistir el viernes de 9:00 a 18:00 horas y el s\u00e1bado de 9:00 a 15:00 horas.<\/p>\n\n\n\n<p>OBST\u00c1CULOS<\/p>\n\n\n\n<p>El Mecanismo para el Acceso a la Verdad y el Esclarecimiento Hist\u00f3rico de las violaciones graves a los derechos humanos cometidas de 1965 a 1990 (MEH) denunci\u00f3 que a 22 meses de su creaci\u00f3n no ha tenido acceso a la totalidad de los archivos del extinto Centro de Investigaci\u00f3n y Seguridad Nacional (CISEN), hoy conocido como Centro Nacional de Inteligencia (CNI).<\/p>\n\n\n\n<p>Durante este tiempo ha experimentado dificultades para el acceso a la consulta irrestricta de documentaci\u00f3n hist\u00f3rica proveniente de agencias encargadas de labores de seguridad, inteligencia, de las fuerzas armadas y de las polic\u00edas con material crucial para la investigaci\u00f3n de las violaciones cometidas en dicho periodo.<\/p>\n\n\n\n<p>Por lo que exigi\u00f3 garant\u00edas de acceso de archivos y expedientes del CNI al Archivo General de la Naci\u00f3n (AGN) que incluya los faltantes de la Direcci\u00f3n Federal de Seguridad (1947-1985), los de la Direcci\u00f3n General de Investigaci\u00f3n y Seguridad Nacional (DGISEN, 1985-1989) y los del CISEN (1989-1993) que el CNI debe tener a\u00fan bajo su poder y el acceso, inmediato, a los dep\u00f3sitos en b\u00f3veda tanto del CNI como del AGN.<\/p>\n\n\n\n<p>Todo esto como parte del acuerdo presidencial del 28 de febrero de 2019, en el que el Presidente de la Rep\u00fablica declar\u00f3 que corresponde a su gobierno, y al Estado mexicano \u201cpermitir que se tenga acceso a todos los archivos de todas las dependencias, sin ning\u00fan l\u00edmite, y tambi\u00e9n el que no haya obst\u00e1culos y que no haya impunidad para nadie\u201d.<\/p>\n\n\n\n<p>La instrucci\u00f3n ha sido incumplida parcial o totalmente por la Sedena, la Secretar\u00eda de Marina, la Fiscal\u00eda General de la Rep\u00fablica y el CNI.<\/p>\n\n\n\n<p>Hasta el momento, el \u00fanico expediente de CNI disponible para su consulta en AGN es el relativo al homicidio del periodista Manuel Buend\u00eda en 1984.<\/p>\n","protected":false},"excerpt":{"rendered":"<p>Yuridiana Sosa\/Zona Roja. Oaxaca de Ju\u00e1rez, Oax., a 16 de agosto de 2023.- Como parte&hellip;<\/p>\n","protected":false},"author":2,"featured_media":54800,"comment_status":"closed","ping_status":"open","sticky":false,"template":"","format":"standard","meta":{"_lmt_disableupdate":"","_lmt_disable":"","_jetpack_memberships_contains_paid_content":false,"footnotes":""},"categories":[109,46],"tags":[],"class_list":["post-58788","post","type-post","status-publish","format-standard","has-post-thumbnail","hentry","category-minuto-a-minuto","category-zona-blanca"],"jetpack_featured_media_url":"https:\/\/zonaroja.com.mx\/wp-content\/uploads\/2023\/05\/Comision-para-la-Verdad.png","jetpack_sharing_enabled":true,"_links":{"self":[{"href":"https:\/\/zonaroja.com.mx\/index.php?rest_route=\/wp\/v2\/posts\/58788","targetHints":{"allow":["GET"]}}],"collection":[{"href":"https:\/\/zonaroja.com.mx\/index.php?rest_route=\/wp\/v2\/posts"}],"about":[{"href":"https:\/\/zonaroja.com.mx\/index.php?rest_route=\/wp\/v2\/types\/post"}],"author":[{"embeddable":true,"href":"https:\/\/zonaroja.com.mx\/index.php?rest_route=\/wp\/v2\/users\/2"}],"replies":[{"embeddable":true,"href":"https:\/\/zonaroja.com.mx\/index.php?rest_route=%2Fwp%2Fv2%2Fcomments&post=58788"}],"version-history":[{"count":1,"href":"https:\/\/zonaroja.com.mx\/index.php?rest_route=\/wp\/v2\/posts\/58788\/revisions"}],"predecessor-version":[{"id":58789,"href":"https:\/\/zonaroja.com.mx\/index.php?rest_route=\/wp\/v2\/posts\/58788\/revisions\/58789"}],"wp:featuredmedia":[{"embeddable":true,"href":"https:\/\/zonaroja.com.mx\/index.php?rest_route=\/wp\/v2\/media\/54800"}],"wp:attachment":[{"href":"https:\/\/zonaroja.com.mx\/index.php?rest_route=%2Fwp%2Fv2%2Fmedia&parent=58788"}],"wp:term":[{"taxonomy":"category","embeddable":true,"href":"https:\/\/zonaroja.com.mx\/index.php?rest_route=%2Fwp%2Fv2%2Fcategories&post=58788"},{"taxonomy":"post_tag","embeddable":true,"href":"https:\/\/zonaroja.com.mx\/index.php?rest_route=%2Fwp%2Fv2%2Ftags&post=58788"}],"curies":[{"name":"wp","href":"https:\/\/api.w.org\/{rel}","templated":true}]}}