{"id":58792,"date":"2023-08-16T20:44:24","date_gmt":"2023-08-17T01:44:24","guid":{"rendered":"http:\/\/www.zonaroja.com.mx\/?p=58792"},"modified":"2023-08-17T07:47:25","modified_gmt":"2023-08-17T12:47:25","slug":"otro-avance-contra-la-corrupcion-con-reforma-que-da-paso-a-la-unidad-de-patrimonial","status":"publish","type":"post","link":"https:\/\/zonaroja.com.mx\/?p=58792","title":{"rendered":"Otro avance contra la corrupci\u00f3n con reforma que da paso a la Unidad Patrimonial"},"content":{"rendered":"\n<p>Yuridiana Sosa\/Zona Roja.<\/p>\n\n\n\n<p>Oaxaca de Ju\u00e1rez, Oax., a 16 de agosto de 2023.- La 65 Legislatura del Congreso de Oaxaca aprob\u00f3 reformas a la Ley de Entidades Paraestatales del Estado de Oaxaca, con lo que se dan facultades al Poder Ejecutivo para la creaci\u00f3n la Unidad de Inteligencia Patrimonial y combatir el enriquecimiento il\u00edcito con recursos p\u00fablicos.<\/p>\n\n\n\n<p>Con 24 votos a favor, el pleno del Congreso local aval\u00f3 el Dictamen Proyecto de Decreto, propuesto por la Comisi\u00f3n Permanente de Administraci\u00f3n P\u00fablica para adicionar las fracciones V, VI y VII al art\u00edculo 20 de la Ley de Entidades Paraestatales del Estado de Oaxaca y con esto se deroga la fracci\u00f3n LVIII del art\u00edculo 45 y se reforma el art\u00edculo 60 de la Ley Org\u00e1nica del Poder Ejecutivo del Estado de Oaxaca.<\/p>\n\n\n\n<p>El presidente de la Junta de Coordinaci\u00f3n Pol\u00edtica, Luis Alfonso Silva Romo, se\u00f1al\u00f3 que con esta modificaci\u00f3n se dan facultades a servidores p\u00fablicos para solicitar informaci\u00f3n de car\u00e1cter patrimonial.<\/p>\n\n\n\n<p>Dicha consulta puede significar alg\u00fan esbozo de enriquecimiento il\u00edcito de un servidor p\u00fablico o de alguien que hubiera tenido alguna funci\u00f3n en el ejercicio de la funci\u00f3n p\u00fablica y haya tenido enriquecimiento il\u00edcito, precis\u00f3.<\/p>\n\n\n\n<p>&nbsp;Por lo que calific\u00f3 esta aprobaci\u00f3n como un avance en el combate a la corrupci\u00f3n en Oaxaca.<\/p>\n\n\n\n<p>Es el Poder Ejecutivo el facultado para designar a quien ser\u00e1 el titular de la Unidad de Inteligencia Patrimonial, y este a su vez podr\u00e1 depender, de alguna instancia como pudiera ser la Secretar\u00eda de Finanzas o cualquier otra que decida el Ejecutivo.<\/p>\n\n\n\n<p>Las consultas que se realicen sobre el patrimonio pudieran dar pie a una investigaci\u00f3n para descartar la constituci\u00f3n de un delito.<\/p>\n\n\n\n<figure class=\"wp-block-embed is-type-rich is-provider-twitter wp-block-embed-twitter\"><div class=\"wp-block-embed__wrapper\">\n<div class=\"twitter-tweet\"><blockquote class=\"twitter-tweet\" data-lang=\"es\"><p lang=\"es\" dir=\"ltr\">Sobre la Unidad de Inteligencia Patrimonial, as\u00ed explic\u00f3 el presidente de la Junta de Coordinaci\u00f3n Pol\u00edtica del <a href=\"https:\/\/twitter.com\/CongresoOaxaca_?ref_src=twsrc%5Etfw\">@CongresoOaxaca_<\/a>, <a href=\"https:\/\/twitter.com\/LUISALFONSOSR?ref_src=twsrc%5Etfw\">@luisalfonsosr<\/a>, los alcances de las reformas legislativas aprobadas hoy: <a href=\"https:\/\/t.co\/Nl4MUs1lwl\">pic.twitter.com\/Nl4MUs1lwl<\/a><\/p>&mdash; Zona Roja Oaxaca (@ZonaRoja_Oaxaca) <a href=\"https:\/\/twitter.com\/ZonaRoja_Oaxaca\/status\/1691961747433787398?ref_src=twsrc%5Etfw\">16 de agosto de 2023<\/a><\/blockquote><\/div>\n<\/div><\/figure>\n\n\n\n<p>Agreg\u00f3 que estas acciones tambi\u00e9n van a formar parte del nuevo Tribunal de Justicia Administrativa y Combate a la Corrupci\u00f3n en caso de detectarse un progreso de manera incorrecta en su patrimonio.<\/p>\n\n\n\n<p>RESERVA RECHAZADA<\/p>\n\n\n\n<p>La fracci\u00f3n parlamentaria del PRD propuso ante el pleno una modificaci\u00f3n en la redacci\u00f3n de la fracci\u00f3n V del art\u00edculo 20 de la Ley de Entidades Paraestatales del Estado de Oaxaca, pero fue rechazada.<\/p>\n\n\n\n<p>Para el PRD fue insuficiente que el texto se limite a indicar: \u201cla obtenci\u00f3n de cualquier informaci\u00f3n para prevenir conductas relativas al lavado de activos\u201d.<\/p>\n\n\n\n<p>Por lo que propuso: Integrar, evaluar y vincular informaci\u00f3n patrimonial fiscal y econ\u00f3mica existente en las instancias locales a fin de prevenir, combatir las operaciones con recurso de procedencia il\u00edcita.<\/p>\n\n\n\n<p>El presidente de la Jucopo indic\u00f3 que aunque no es mala propuesta, el texto puede dar origen a una confusi\u00f3n e invadir facultades investigadoras de la Fiscal\u00eda General de la Rep\u00fablica (FGR) en dicha materia.<\/p>\n","protected":false},"excerpt":{"rendered":"<p>Yuridiana Sosa\/Zona Roja. Oaxaca de Ju\u00e1rez, Oax., a 16 de agosto de 2023.- La 65&hellip;<\/p>\n","protected":false},"author":2,"featured_media":58793,"comment_status":"closed","ping_status":"open","sticky":false,"template":"","format":"standard","meta":{"_lmt_disableupdate":"","_lmt_disable":"","_jetpack_memberships_contains_paid_content":false,"footnotes":""},"categories":[109,46],"tags":[2743],"class_list":["post-58792","post","type-post","status-publish","format-standard","has-post-thumbnail","hentry","category-minuto-a-minuto","category-zona-blanca","tag-65-legislatura-del-estado-de-oaxaca"],"jetpack_featured_media_url":"https:\/\/zonaroja.com.mx\/wp-content\/uploads\/2023\/08\/Sesion-Congreso-del-Estado-de-Oaxaca.jpg","jetpack_sharing_enabled":true,"_links":{"self":[{"href":"https:\/\/zonaroja.com.mx\/index.php?rest_route=\/wp\/v2\/posts\/58792","targetHints":{"allow":["GET"]}}],"collection":[{"href":"https:\/\/zonaroja.com.mx\/index.php?rest_route=\/wp\/v2\/posts"}],"about":[{"href":"https:\/\/zonaroja.com.mx\/index.php?rest_route=\/wp\/v2\/types\/post"}],"author":[{"embeddable":true,"href":"https:\/\/zonaroja.com.mx\/index.php?rest_route=\/wp\/v2\/users\/2"}],"replies":[{"embeddable":true,"href":"https:\/\/zonaroja.com.mx\/index.php?rest_route=%2Fwp%2Fv2%2Fcomments&post=58792"}],"version-history":[{"count":2,"href":"https:\/\/zonaroja.com.mx\/index.php?rest_route=\/wp\/v2\/posts\/58792\/revisions"}],"predecessor-version":[{"id":58802,"href":"https:\/\/zonaroja.com.mx\/index.php?rest_route=\/wp\/v2\/posts\/58792\/revisions\/58802"}],"wp:featuredmedia":[{"embeddable":true,"href":"https:\/\/zonaroja.com.mx\/index.php?rest_route=\/wp\/v2\/media\/58793"}],"wp:attachment":[{"href":"https:\/\/zonaroja.com.mx\/index.php?rest_route=%2Fwp%2Fv2%2Fmedia&parent=58792"}],"wp:term":[{"taxonomy":"category","embeddable":true,"href":"https:\/\/zonaroja.com.mx\/index.php?rest_route=%2Fwp%2Fv2%2Fcategories&post=58792"},{"taxonomy":"post_tag","embeddable":true,"href":"https:\/\/zonaroja.com.mx\/index.php?rest_route=%2Fwp%2Fv2%2Ftags&post=58792"}],"curies":[{"name":"wp","href":"https:\/\/api.w.org\/{rel}","templated":true}]}}