{"id":58795,"date":"2023-08-16T21:05:46","date_gmt":"2023-08-17T02:05:46","guid":{"rendered":"http:\/\/www.zonaroja.com.mx\/?p=58795"},"modified":"2023-08-16T21:05:48","modified_gmt":"2023-08-17T02:05:48","slug":"cisma-en-morena-ebrard-critica-cargada-a-favor-de-sheinbaum","status":"publish","type":"post","link":"https:\/\/zonaroja.com.mx\/?p=58795","title":{"rendered":"Cisma en Morena: Ebrard critica cargada a favor de Sheinbaum"},"content":{"rendered":"\n<p>Redacci\u00f3n\/Zona Roja Cdmx.<\/p>\n\n\n\n<p>Ciudad de M\u00e9xico, a 16 de agosto de 2023.- Marcelo Ebrard, aspirante presidencial de la Cuarta Transformaci\u00f3n, exigi\u00f3 a la dirigencia nacional de Morena que se cumplan los acuerdos firmados para elegir al candidato del partido.<\/p>\n\n\n\n<p>En un mensaje transmitido por redes sociales, y a tan solo un d\u00eda del sorteo donde se elegir\u00e1n a la empresas que llevar\u00e1n a cabo las encuestas del partido, Ebrard Casaub\u00f3n alert\u00f3 que el proceso de Morena podr\u00eda convertirse en un desastre.<\/p>\n\n\n\n<p>\u201cPermitan que la ciudadan\u00eda libremente elija, porque si no, va a ser un desastre para Morena. Suspendan inmediatamente lo que est\u00e1n haciendo\u201d, indic\u00f3.<\/p>\n\n\n\n<p>El excanciller mexicano pronostic\u00f3 que la encuesta que definir\u00e1 al abanderado presidencial de Morena para el 2024 se definir\u00e1 entre Claudia Sheinbaum y \u00e9l, de la cual dej\u00f3 en claro que en este momento ya lleva la delantera.<\/p>\n\n\n\n<p>\u201cAhorita se va a cerrar, va a ser Claudia o yo, porque es lo que te dicen todas las encuestas\u201d, destac\u00f3 en conferencia de prensa desde Tijuana, Baja California.<\/p>\n\n\n\n<p>La decisi\u00f3n real es Marcelo o Claudia, Claudia o Marcelo, eso es lo que hay que decidir en esta encuesta\u201d, agreg\u00f3.<\/p>\n\n\n\n<figure class=\"wp-block-embed is-type-rich is-provider-twitter wp-block-embed-twitter\"><div class=\"wp-block-embed__wrapper\">\n<div class=\"twitter-tweet\"><blockquote class=\"twitter-tweet\" data-lang=\"es\"><p lang=\"es\" dir=\"ltr\"><a href=\"https:\/\/twitter.com\/hashtag\/%C3%9AltimoMinuto?src=hash&amp;ref_src=twsrc%5Etfw\">#\u00daltimoMinuto<\/a><br>Cimbra a <a href=\"https:\/\/twitter.com\/hashtag\/Morena?src=hash&amp;ref_src=twsrc%5Etfw\">#Morena<\/a> el enojo de <a href=\"https:\/\/twitter.com\/m_ebrard?ref_src=twsrc%5Etfw\">@m_ebrard<\/a>:<br>\u201cExijo a la dirigencia de Morena haga cumplir los acuerdos firmados. En los  \u00faltimos d\u00edas vemos un incremento del acarreo, brigadeos por parte incluso de servidores p\u00fablicos, campa\u00f1a sucia e intimidaci\u00f3n. La raz\u00f3n es que les\u2026 <a href=\"https:\/\/t.co\/o58IV1jJ6O\">pic.twitter.com\/o58IV1jJ6O<\/a><\/p>&mdash; Zona Roja Oaxaca (@ZonaRoja_Oaxaca) <a href=\"https:\/\/twitter.com\/ZonaRoja_Oaxaca\/status\/1691899261061919155?ref_src=twsrc%5Etfw\">16 de agosto de 2023<\/a><\/blockquote><\/div>\n<\/div><\/figure>\n\n\n\n<p>Ebrard Casaub\u00f3n tron\u00f3 en su mensaje contra el acarreo, la publicidad y la guerra sucia a favor de Sheinbaum Pardo, y recalc\u00f3 que la dirigencia nacional de Morena no ha actuado contra este tipo de situaciones.<\/p>\n\n\n\n<p>\u201cMa\u00f1ana es el sorteo de las encuestas, pero firmamos que no iba a pasar nada de lo que est\u00e1 pasando hoy. Estamos en foco rojo, tienen que acatar la voluntad de la gente, sean leales a nuestro movimiento, todas y todos y tambi\u00e9n a Claudia (Sheinbaum) se lo digo, \u00bfqu\u00e9 necesidad, qu\u00e9 caso tiene comprometer todo aquello por lo que hemos luchado?\u201d, lanz\u00f3.<\/p>\n\n\n\n<p>\u201cQue quede claro que est\u00e1n haciendo todo esto porque hay una competencia real, porque nadie estar\u00eda aumentando el acarreo, las brigadas, toda la publicidad, la guerra sucia, etc\u00e9tera, si no fuera una competencia real, es una competencia real, nos quieren ganar por ello\u201d, manifest\u00f3.<\/p>\n\n\n\n<p>Exhorto a la dirigencia de nuestro partido a que deje de simular, y que tome medidas y es m\u00e1s, no exhorto, exijo a nombre de todos los ciudadanos (\u2026) Que act\u00faen a la altura de lo que es este movimiento\u201d, puntualiz\u00f3.<\/p>\n\n\n\n<p>La confrontaci\u00f3n arrecia a 20 d\u00edas de que Morena defina, el 6 de septiembre, a su candidato presidencial para 2024, una definici\u00f3n que ocurrir\u00e1 mediante encuestas.<\/p>\n\n\n\n<p>(Con informaci\u00f3n de L\u00f3pez-D\u00f3riga Digital)<\/p>\n","protected":false},"excerpt":{"rendered":"<p>Redacci\u00f3n\/Zona Roja Cdmx. Ciudad de M\u00e9xico, a 16 de agosto de 2023.- Marcelo Ebrard, aspirante&hellip;<\/p>\n","protected":false},"author":2,"featured_media":58796,"comment_status":"closed","ping_status":"open","sticky":false,"template":"","format":"standard","meta":{"_lmt_disableupdate":"","_lmt_disable":"","_jetpack_memberships_contains_paid_content":false,"footnotes":""},"categories":[109,47],"tags":[889],"class_list":["post-58795","post","type-post","status-publish","format-standard","has-post-thumbnail","hentry","category-minuto-a-minuto","category-zona-gris","tag-marcelo-ebrard"],"jetpack_featured_media_url":"https:\/\/zonaroja.com.mx\/wp-content\/uploads\/2023\/08\/Marcelo-Ebrard-mensaje-caso-Claudia-.jpeg","jetpack_sharing_enabled":true,"_links":{"self":[{"href":"https:\/\/zonaroja.com.mx\/index.php?rest_route=\/wp\/v2\/posts\/58795","targetHints":{"allow":["GET"]}}],"collection":[{"href":"https:\/\/zonaroja.com.mx\/index.php?rest_route=\/wp\/v2\/posts"}],"about":[{"href":"https:\/\/zonaroja.com.mx\/index.php?rest_route=\/wp\/v2\/types\/post"}],"author":[{"embeddable":true,"href":"https:\/\/zonaroja.com.mx\/index.php?rest_route=\/wp\/v2\/users\/2"}],"replies":[{"embeddable":true,"href":"https:\/\/zonaroja.com.mx\/index.php?rest_route=%2Fwp%2Fv2%2Fcomments&post=58795"}],"version-history":[{"count":1,"href":"https:\/\/zonaroja.com.mx\/index.php?rest_route=\/wp\/v2\/posts\/58795\/revisions"}],"predecessor-version":[{"id":58797,"href":"https:\/\/zonaroja.com.mx\/index.php?rest_route=\/wp\/v2\/posts\/58795\/revisions\/58797"}],"wp:featuredmedia":[{"embeddable":true,"href":"https:\/\/zonaroja.com.mx\/index.php?rest_route=\/wp\/v2\/media\/58796"}],"wp:attachment":[{"href":"https:\/\/zonaroja.com.mx\/index.php?rest_route=%2Fwp%2Fv2%2Fmedia&parent=58795"}],"wp:term":[{"taxonomy":"category","embeddable":true,"href":"https:\/\/zonaroja.com.mx\/index.php?rest_route=%2Fwp%2Fv2%2Fcategories&post=58795"},{"taxonomy":"post_tag","embeddable":true,"href":"https:\/\/zonaroja.com.mx\/index.php?rest_route=%2Fwp%2Fv2%2Ftags&post=58795"}],"curies":[{"name":"wp","href":"https:\/\/api.w.org\/{rel}","templated":true}]}}