{"id":58798,"date":"2023-08-16T21:18:26","date_gmt":"2023-08-17T02:18:26","guid":{"rendered":"http:\/\/www.zonaroja.com.mx\/?p=58798"},"modified":"2023-08-16T21:18:28","modified_gmt":"2023-08-17T02:18:28","slug":"corrupcion-de-mandos-causa-crisis-sindical-en-el-hospital-de-especialidades-de-oaxaca","status":"publish","type":"post","link":"https:\/\/zonaroja.com.mx\/?p=58798","title":{"rendered":"Corrupci\u00f3n de mandos causa crisis sindical en el Hospital de Especialidades de Oaxaca"},"content":{"rendered":"\n<p>Redacci\u00f3n\/Zona Roja.<\/p>\n\n\n\n<p>Oaxaca de Ju\u00e1rez, Oax., a 16 de agosto de 2023.- Un presunto caso de corrupci\u00f3n en una subdirecci\u00f3n del Hospital Regional de Alta Especialidad de Oaxaca caus\u00f3 una divisi\u00f3n sindical.<\/p>\n\n\n\n<p>Esta ma\u00f1ana, un grupo de trabajadores dio a conocer la renuncia de Ver\u00f3nica Claudia Macedo Palacios como subdirectora de Enfermer\u00eda de dicho nosocomio federal, ubicado en el municipio de San Bartolo Coyotepec.<\/p>\n\n\n\n<p>\u201cTras diversas irregularidades durante su gesti\u00f3n, la base trabajadora del Comit\u00e9 Ejecutivo Seccional 96 del Sindicato Nacional de los Trabajadores de la Secretar\u00eda de Salud del HRAEO, exigi\u00f3 la renuncia de Macedo Palacios por presuntos actos de hostigamiento laboral y corrupci\u00f3n.<\/p>\n\n\n\n<p>\u201cLa ahora ex subdirectora de Enfermer\u00eda fue nombrada para ocupar el cargo por la directora&nbsp;General, Alba V\u00e1squez Palacios. De acuerdo a expedientes que obran en el \u00d3rgano &nbsp;Interno de Control del nosocomio, Ver\u00f3nica Claudia Macedo Palacios, mantiene procedimientos administrativos.<\/p>\n\n\n\n<p>\u201cEn 2015, Macedonio Palacios fungi\u00f3 como delegada del Sindicato Universitario de Maestros (SUMA) en la Facultad de Enfermer\u00eda y Obstetricia de la Universidad Aut\u00f3noma Benito Ju\u00e1rez de Oaxaca (UABJO), donde protagoniz\u00f3 la toma de Ciudad Universitaria y se confront\u00f3 con la entonces directora de esa facultad.<\/p>\n\n\n\n<p>\u201cEse mismo a\u00f1o, la directora de la facultad de Enfermer\u00eda y Obstetricia de la UABJO, Luisa Ch\u00e1vez Solano, denunci\u00f3 penalmente a Integrantes del Sindicato Universitario de Maestros por actos de violencia en esa instituci\u00f3n\u201d, refiere el comunicado.<\/p>\n\n\n\n<p>No obstante, otro grupo de trabajadores respald\u00f3 a la ahora ex funcionaria y coloc\u00f3 mantas en su apoyo:<\/p>\n\n\n\n<p>\u201cLa base trabajadora de enfermer\u00eda reconoce la ardua labor que ha desempe\u00f1ado en su gesti\u00f3n la subdirectora de Enfermer\u00eda MCE Ver\u00f3nica Claudia Macedo Palacios.<\/p>\n\n\n\n<p>\u201cLa reconocemos como una profesional incluyente, decidida, participativa, resolutiva y siempre dispuesta a velar por la atenci\u00f3n de calidad.<\/p>\n\n\n\n<p>\u201cPor lo que exigimos la continuidad del trabajo de la subidrecci\u00f3n. Respeto a la base trabajadora\u201d, difundieron en una manta colocada en el Hospital de Especialidades.<\/p>\n\n\n\n<p>Hasta ahora, la direcci\u00f3n del nosocomio no ha emitido alguna postura oficial al respecto.<\/p>\n","protected":false},"excerpt":{"rendered":"<p>Redacci\u00f3n\/Zona Roja. Oaxaca de Ju\u00e1rez, Oax., a 16 de agosto de 2023.- Un presunto caso&hellip;<\/p>\n","protected":false},"author":2,"featured_media":58799,"comment_status":"closed","ping_status":"open","sticky":false,"template":"","format":"standard","meta":{"_lmt_disableupdate":"","_lmt_disable":"","_jetpack_memberships_contains_paid_content":false,"footnotes":""},"categories":[109,47],"tags":[1572],"class_list":["post-58798","post","type-post","status-publish","format-standard","has-post-thumbnail","hentry","category-minuto-a-minuto","category-zona-gris","tag-hospital-regional-de-alta-especialidad-oaxaca"],"jetpack_featured_media_url":"https:\/\/zonaroja.com.mx\/wp-content\/uploads\/2023\/08\/Trabajadores-Hospital-de-Especialidades.jpg","jetpack_sharing_enabled":true,"_links":{"self":[{"href":"https:\/\/zonaroja.com.mx\/index.php?rest_route=\/wp\/v2\/posts\/58798","targetHints":{"allow":["GET"]}}],"collection":[{"href":"https:\/\/zonaroja.com.mx\/index.php?rest_route=\/wp\/v2\/posts"}],"about":[{"href":"https:\/\/zonaroja.com.mx\/index.php?rest_route=\/wp\/v2\/types\/post"}],"author":[{"embeddable":true,"href":"https:\/\/zonaroja.com.mx\/index.php?rest_route=\/wp\/v2\/users\/2"}],"replies":[{"embeddable":true,"href":"https:\/\/zonaroja.com.mx\/index.php?rest_route=%2Fwp%2Fv2%2Fcomments&post=58798"}],"version-history":[{"count":1,"href":"https:\/\/zonaroja.com.mx\/index.php?rest_route=\/wp\/v2\/posts\/58798\/revisions"}],"predecessor-version":[{"id":58800,"href":"https:\/\/zonaroja.com.mx\/index.php?rest_route=\/wp\/v2\/posts\/58798\/revisions\/58800"}],"wp:featuredmedia":[{"embeddable":true,"href":"https:\/\/zonaroja.com.mx\/index.php?rest_route=\/wp\/v2\/media\/58799"}],"wp:attachment":[{"href":"https:\/\/zonaroja.com.mx\/index.php?rest_route=%2Fwp%2Fv2%2Fmedia&parent=58798"}],"wp:term":[{"taxonomy":"category","embeddable":true,"href":"https:\/\/zonaroja.com.mx\/index.php?rest_route=%2Fwp%2Fv2%2Fcategories&post=58798"},{"taxonomy":"post_tag","embeddable":true,"href":"https:\/\/zonaroja.com.mx\/index.php?rest_route=%2Fwp%2Fv2%2Ftags&post=58798"}],"curies":[{"name":"wp","href":"https:\/\/api.w.org\/{rel}","templated":true}]}}