{"id":58804,"date":"2023-08-17T07:53:01","date_gmt":"2023-08-17T12:53:01","guid":{"rendered":"http:\/\/www.zonaroja.com.mx\/?p=58804"},"modified":"2023-08-17T07:53:05","modified_gmt":"2023-08-17T12:53:05","slug":"fiscalia-de-jalisco-aseguro-una-finca-tras-desaparicion-de-cinco-jovenes","status":"publish","type":"post","link":"https:\/\/zonaroja.com.mx\/?p=58804","title":{"rendered":"Fiscal\u00eda de Jalisco asegur\u00f3 una finca tras desaparici\u00f3n de cinco j\u00f3venes"},"content":{"rendered":"\n<p>Redacci\u00f3n\/Zona Roja Cdmx.<\/p>\n\n\n\n<p>Ciudad de M\u00e9xico, a 17 de agosto de 2023.- Autoridades de Jalisco aseguraron una finca relacionada con la desaparici\u00f3n de cinco j\u00f3venes en Lagos de Moreno el viernes 11 de agosto, inform\u00f3 la Fiscal\u00eda del Estado; adem\u00e1s, la instituci\u00f3n asegur\u00f3 que sigue realizando labores de b\u00fasqueda por el caso.<\/p>\n\n\n\n<p>Las im\u00e1genes difundidas por la Fiscal\u00eda del Estado de Jalisco muestran las labores de b\u00fasqueda de los cinco j\u00f3venes de entre 19 y 22 a\u00f1os. Adem\u00e1s, la dependencia public\u00f3 un video en redes sociales y un mensaje en el que asegur\u00f3 que trabaja de manera ininterrumpida en las investigaciones.<\/p>\n\n\n\n<p>\u201cResultado de los trabajos desplegados, agentes ministeriales y de la Polic\u00eda de Investigaci\u00f3n localizaron una vivienda en la colonia Orilla del Agua en el referido municipio [Lagos de Moreno], donde se encontraron indicios, entre ellos, manchas hem\u00e1ticas y calzado, que hacen suponer que los cinco j\u00f3venes estuvieron en dicha finca\u201d, detall\u00f3 en un comunicado la Fiscal\u00eda de Jalisco durante el mi\u00e9rcoles 16 de agosto.<\/p>\n\n\n\n<p>Las autoridades tambi\u00e9n compartieron im\u00e1genes en las que se pudo ver a diferentes efectivos de la Fiscal\u00eda en varios puntos. Cabe destacar que en las primeras publicaciones de las autoridades, compartidas poco despu\u00e9s de las 2:00 de la tarde, no se habl\u00f3 de un cateo.<\/p>\n\n\n\n<p>Pero posteriormente, alrededor de las 6:00 de la tarde, la Fiscal\u00eda de Jalisco confirm\u00f3 el aseguramiento de la finca, sitio al que se le colocaron sellos. En dicho lugar tambi\u00e9n acudieron personas con trajes especiales para recabar indicios.<\/p>\n\n\n\n<p>En las fotograf\u00edas compartidas por las autoridades se pueden ver diversas camionetas en un terreno verde y en otra de las im\u00e1genes aparecen sujetos uniformados y armados realizando las acciones de b\u00fasqueda.<\/p>\n\n\n\n<p>Asimismo, el inmueble ahora asegurado est\u00e1 a medio construir y rodeado por vegetaci\u00f3n, asimismo cuenta con tres cuartos.<\/p>\n\n\n\n<p>Anteayer se inform\u00f3 sobre hallazgo de un veh\u00edculo calcinado que en su interior conten\u00eda posibles restos humanos. La unidad cuenta con las caracter\u00edsticas de uno de los veh\u00edculos de las v\u00edctimas, mientras que lo hallado fue puesto a disposici\u00f3n de las autoridades para su an\u00e1lisis.<\/p>\n\n\n\n<p>Desde el domingo pasado la Fiscal\u00eda de Jalisco realiz\u00f3 operativos de b\u00fasqueda, pero los primeros avances fue el hallazgo de un primer auto. Fue el fiscal Luis Joaqu\u00edn M\u00e9ndez Ruiz quien inform\u00f3 sobre un veh\u00edculo relacionado al caso que fue encontrado en Lagos de Moreno, en la zona donde habr\u00edan sido vistos por \u00faltima vez. Posteriormente, tras un reporte recibido la madrugada del 15 de agosto, fue hallada la unidad calcinada y con posibles restos humanos.<\/p>\n\n\n\n<p>(Informaci\u00f3n de Infobae M\u00e9xico)<\/p>\n","protected":false},"excerpt":{"rendered":"<p>Redacci\u00f3n\/Zona Roja Cdmx. Ciudad de M\u00e9xico, a 17 de agosto de 2023.- Autoridades de Jalisco&hellip;<\/p>\n","protected":false},"author":2,"featured_media":58805,"comment_status":"closed","ping_status":"open","sticky":false,"template":"","format":"standard","meta":{"_lmt_disableupdate":"","_lmt_disable":"","_jetpack_memberships_contains_paid_content":false,"footnotes":""},"categories":[109,47],"tags":[3651,3564],"class_list":["post-58804","post","type-post","status-publish","format-standard","has-post-thumbnail","hentry","category-minuto-a-minuto","category-zona-gris","tag-desaparecidos-lagos-de-moreno","tag-jalisco"],"jetpack_featured_media_url":"https:\/\/zonaroja.com.mx\/wp-content\/uploads\/2023\/08\/Finca-desaparecidos-Lagos-de-Moreno-Jalisco.jpg","jetpack_sharing_enabled":true,"_links":{"self":[{"href":"https:\/\/zonaroja.com.mx\/index.php?rest_route=\/wp\/v2\/posts\/58804","targetHints":{"allow":["GET"]}}],"collection":[{"href":"https:\/\/zonaroja.com.mx\/index.php?rest_route=\/wp\/v2\/posts"}],"about":[{"href":"https:\/\/zonaroja.com.mx\/index.php?rest_route=\/wp\/v2\/types\/post"}],"author":[{"embeddable":true,"href":"https:\/\/zonaroja.com.mx\/index.php?rest_route=\/wp\/v2\/users\/2"}],"replies":[{"embeddable":true,"href":"https:\/\/zonaroja.com.mx\/index.php?rest_route=%2Fwp%2Fv2%2Fcomments&post=58804"}],"version-history":[{"count":1,"href":"https:\/\/zonaroja.com.mx\/index.php?rest_route=\/wp\/v2\/posts\/58804\/revisions"}],"predecessor-version":[{"id":58806,"href":"https:\/\/zonaroja.com.mx\/index.php?rest_route=\/wp\/v2\/posts\/58804\/revisions\/58806"}],"wp:featuredmedia":[{"embeddable":true,"href":"https:\/\/zonaroja.com.mx\/index.php?rest_route=\/wp\/v2\/media\/58805"}],"wp:attachment":[{"href":"https:\/\/zonaroja.com.mx\/index.php?rest_route=%2Fwp%2Fv2%2Fmedia&parent=58804"}],"wp:term":[{"taxonomy":"category","embeddable":true,"href":"https:\/\/zonaroja.com.mx\/index.php?rest_route=%2Fwp%2Fv2%2Fcategories&post=58804"},{"taxonomy":"post_tag","embeddable":true,"href":"https:\/\/zonaroja.com.mx\/index.php?rest_route=%2Fwp%2Fv2%2Ftags&post=58804"}],"curies":[{"name":"wp","href":"https:\/\/api.w.org\/{rel}","templated":true}]}}