{"id":58812,"date":"2023-08-17T12:30:00","date_gmt":"2023-08-17T17:30:00","guid":{"rendered":"http:\/\/www.zonaroja.com.mx\/?p=58812"},"modified":"2023-08-17T08:59:09","modified_gmt":"2023-08-17T13:59:09","slug":"rechaza-el-legislativo-reelegir-o-ratificar-a-magistrada-maribel-mendoza","status":"publish","type":"post","link":"https:\/\/zonaroja.com.mx\/?p=58812","title":{"rendered":"Rechaza el Legislativo reelegir o ratificar a magistrada Maribel Mendoza"},"content":{"rendered":"\n<p>Redacci\u00f3n\/Zona Roja.<\/p>\n\n\n\n<p>Oaxaca de Ju\u00e1rez, Oax., a 17 de agosto de 2023.- En sesi\u00f3n ordinaria de la 65 Legislatura del Congreso local, las y los diputados aprobaron el proyecto de decreto, por el cual se adiciona la fracci\u00f3n 15 del art\u00edculo 35 de la Ley de Protecci\u00f3n Civil y Gesti\u00f3n Integral de Riesgos de Desastres para el Estado de Oaxaca, con respecto al uso de pirotecnia.<\/p>\n\n\n\n<p>Con este decreto, se establece que la Coordinaci\u00f3n Estatal de Protecci\u00f3n Civil deber\u00e1 fomentar en la ciudadan\u00eda la cultura de prevenci\u00f3n en el uso y manejo de art\u00edculos pirot\u00e9cnicos y fuegos artificiales, con el fin de evitar poner en riesgo la vida y el patrimonio, as\u00ed como da\u00f1os al medio ambiente.<\/p>\n\n\n\n<p>Por otra parte, el pleno parlamentario vot\u00f3 a favor para no reelegir y no ratificar a la doctora Maribel Mendoza Flores, en su cargo de magistrada del Tribunal Superior de Justicia del Estado de Oaxaca, luego de que se determinara que incurri\u00f3 en faltas graves en el manejo de datos personales.&nbsp;<\/p>\n\n\n\n<p>Se aprob\u00f3 el decreto por el cual, se declara a las t\u00e9cnicas y conocimientos para la elaboraci\u00f3n de cer\u00e1mica en barro negro de San Bartolo Coyotepec, como patrimonio cultural inmaterial de Oaxaca, ya que estas artesan\u00edas tienen gran reconocimiento a nivel estatal, nacional e internacional.<\/p>\n\n\n\n<p>Aval\u00f3 el decreto por el cual reforma la fracci\u00f3n segunda del art\u00edculo 40 de la Ley, que Crea el Instituto de la Funci\u00f3n Registral del Estado de Oaxaca, para integral la Ley de Responsabilidades Administrativas del Estado y Municipios de Oaxaca, a fin de armonizarla con los textos vigentes.<\/p>\n\n\n\n<p>En materia de gobierno y asuntos agrarios, se aprobaron los decretos por los cuales se avalan los cambios en los cabildos de los municipios de Cuyamecalco Villa de Zaragoza, la Heroica Ciudad de Ejutla de Crespo, San Pedro Yucunama, Santiago Ap\u00f3stol, San Pedro Ocotepec, San Sebasti\u00e1n R\u00edo Hondo y Uni\u00f3n Hidalgo.&nbsp;<\/p>\n\n\n\n<p>Asimismo, se aval\u00f3 el cambio y elevaci\u00f3n de categor\u00eda administrativa a las localidades de Yodobada, perteneciente al municipio de Villa Tejupam de la Uni\u00f3n; Fort\u00edn Ju\u00e1rez perteneciente a San Pablo Tijaltepec; San Jos\u00e9 del ayuntamiento Magdalena Tequisistl\u00e1n; Santa Catarina Cerro del Vidrio de San Juan Lachatao y La Chuparrosa perteneciente a San Felipe Jalapa de D\u00edaz.<\/p>\n\n\n\n<p>Durante la sesi\u00f3n ordinaria, se aprobaron cinco puntos de acuerdo como de urgente y obvia resoluci\u00f3n, en materia de pueblos y comunidades ind\u00edgenas y afromexicanas, movilidad, medio ambiente, biodiversidad, energ\u00edas y sostenibilidad, migraci\u00f3n, derechos humanos, fortalecimiento y asuntos municipales.&nbsp;<\/p>\n\n\n\n<p>En sesi\u00f3n extraordinaria se aprob\u00f3 el proyecto de decreto por el cual se reforman diversas disposiciones de la Ley Org\u00e1nica del Poder Ejecutivo del Estado de Oaxaca a fin de prevenir el \u00ablavado de activos\u00bb.<\/p>\n\n\n\n<p>Asimismo, se reforman diversos art\u00edculos de la Ley Estatal de Austeridad Republicana, para que cada ente p\u00fablico, en el \u00e1mbito de sus facultades y atribuciones actualizar\u00e1n su C\u00f3digo de Conducta de acuerdo a dicha ley, y en apego a las disposiciones jur\u00eddicas que le sean aplicables.<\/p>\n","protected":false},"excerpt":{"rendered":"<p>Redacci\u00f3n\/Zona Roja. Oaxaca de Ju\u00e1rez, Oax., a 17 de agosto de 2023.- En sesi\u00f3n ordinaria&hellip;<\/p>\n","protected":false},"author":2,"featured_media":52910,"comment_status":"closed","ping_status":"open","sticky":false,"template":"","format":"standard","meta":{"_lmt_disableupdate":"","_lmt_disable":"","_jetpack_memberships_contains_paid_content":false,"footnotes":""},"categories":[109,46],"tags":[2743],"class_list":["post-58812","post","type-post","status-publish","format-standard","has-post-thumbnail","hentry","category-minuto-a-minuto","category-zona-blanca","tag-65-legislatura-del-estado-de-oaxaca"],"jetpack_featured_media_url":"https:\/\/zonaroja.com.mx\/wp-content\/uploads\/2023\/03\/Sesion-Congreso-de-Oaxaca.jpeg","jetpack_sharing_enabled":true,"_links":{"self":[{"href":"https:\/\/zonaroja.com.mx\/index.php?rest_route=\/wp\/v2\/posts\/58812","targetHints":{"allow":["GET"]}}],"collection":[{"href":"https:\/\/zonaroja.com.mx\/index.php?rest_route=\/wp\/v2\/posts"}],"about":[{"href":"https:\/\/zonaroja.com.mx\/index.php?rest_route=\/wp\/v2\/types\/post"}],"author":[{"embeddable":true,"href":"https:\/\/zonaroja.com.mx\/index.php?rest_route=\/wp\/v2\/users\/2"}],"replies":[{"embeddable":true,"href":"https:\/\/zonaroja.com.mx\/index.php?rest_route=%2Fwp%2Fv2%2Fcomments&post=58812"}],"version-history":[{"count":1,"href":"https:\/\/zonaroja.com.mx\/index.php?rest_route=\/wp\/v2\/posts\/58812\/revisions"}],"predecessor-version":[{"id":58813,"href":"https:\/\/zonaroja.com.mx\/index.php?rest_route=\/wp\/v2\/posts\/58812\/revisions\/58813"}],"wp:featuredmedia":[{"embeddable":true,"href":"https:\/\/zonaroja.com.mx\/index.php?rest_route=\/wp\/v2\/media\/52910"}],"wp:attachment":[{"href":"https:\/\/zonaroja.com.mx\/index.php?rest_route=%2Fwp%2Fv2%2Fmedia&parent=58812"}],"wp:term":[{"taxonomy":"category","embeddable":true,"href":"https:\/\/zonaroja.com.mx\/index.php?rest_route=%2Fwp%2Fv2%2Fcategories&post=58812"},{"taxonomy":"post_tag","embeddable":true,"href":"https:\/\/zonaroja.com.mx\/index.php?rest_route=%2Fwp%2Fv2%2Ftags&post=58812"}],"curies":[{"name":"wp","href":"https:\/\/api.w.org\/{rel}","templated":true}]}}