{"id":58820,"date":"2023-08-17T18:25:00","date_gmt":"2023-08-17T23:25:00","guid":{"rendered":"http:\/\/www.zonaroja.com.mx\/?p=58820"},"modified":"2023-08-17T22:10:04","modified_gmt":"2023-08-18T03:10:04","slug":"registra-ong-79-probables-feminicidios-en-oaxaca","status":"publish","type":"post","link":"https:\/\/zonaroja.com.mx\/?p=58820","title":{"rendered":"Registra ONG 79 probables feminicidios en Oaxaca"},"content":{"rendered":"\n<p>Yuridiana Sosa\/Zona Roja.<\/p>\n\n\n\n<p>Oaxaca de Ju\u00e1rez, Oax., a 16 de agosto de 2023.- La asociaci\u00f3n civil Grupo de Estudios Sobre la Mujer \u201cRosario Castellanos\u201d (GES Mujer) inform\u00f3 que del 1 de diciembre al 16 de agosto de 2023, en Oaxaca se ha registrado el asesinato de 79 casos de mujeres, de las que 66 ocurrieron en el transcurso de este a\u00f1o.<\/p>\n\n\n\n<p>La incidencia de feminicidios en Oaxaca qued\u00f3 demostrada en un caso reciente dado a conocer este inicio de semana, sobre el asesinato de una adolescente de 17 a\u00f1os de edad, presuntamente por su novio.<\/p>\n\n\n\n<p>La joven, identificada como Karen, sali\u00f3 de casa el pasado 8 de julio para dar un paseo en moto con Luis Daniel V. G, con quien se vio un puente de Santa In\u00e9s Yatzeche, localidad de la regi\u00f3n Valles Centrales de Oaxaca y despu\u00e9s llegaron en un parte de La Compa\u00f1\u00eda, Ejutla.<\/p>\n\n\n\n<p>Ella no volvi\u00f3 a casa. Fue asesinada, la quemaron y despu\u00e9s enterraron su cuerpo de forma clandestina.&nbsp; Sus restos fueron localizados el pasado 10 de agosto.<\/p>\n\n\n\n<p>Luis D.V.G. fue detenido en Ocotl\u00e1n de Morelos, fue vinculado a proceso y actualmente, se encuentra en prisi\u00f3n preventiva.<\/p>\n","protected":false},"excerpt":{"rendered":"<p>Yuridiana Sosa\/Zona Roja. Oaxaca de Ju\u00e1rez, Oax., a 16 de agosto de 2023.- La asociaci\u00f3n&hellip;<\/p>\n","protected":false},"author":2,"featured_media":58835,"comment_status":"closed","ping_status":"open","sticky":false,"template":"","format":"standard","meta":{"_lmt_disableupdate":"","_lmt_disable":"","_jetpack_memberships_contains_paid_content":false,"footnotes":""},"categories":[109,47],"tags":[610],"class_list":["post-58820","post","type-post","status-publish","format-standard","has-post-thumbnail","hentry","category-minuto-a-minuto","category-zona-gris","tag-feminicidios-oaxaca"],"jetpack_featured_media_url":"https:\/\/zonaroja.com.mx\/wp-content\/uploads\/2023\/08\/Feminicidios-1-Oaxaca.jpg","jetpack_sharing_enabled":true,"_links":{"self":[{"href":"https:\/\/zonaroja.com.mx\/index.php?rest_route=\/wp\/v2\/posts\/58820","targetHints":{"allow":["GET"]}}],"collection":[{"href":"https:\/\/zonaroja.com.mx\/index.php?rest_route=\/wp\/v2\/posts"}],"about":[{"href":"https:\/\/zonaroja.com.mx\/index.php?rest_route=\/wp\/v2\/types\/post"}],"author":[{"embeddable":true,"href":"https:\/\/zonaroja.com.mx\/index.php?rest_route=\/wp\/v2\/users\/2"}],"replies":[{"embeddable":true,"href":"https:\/\/zonaroja.com.mx\/index.php?rest_route=%2Fwp%2Fv2%2Fcomments&post=58820"}],"version-history":[{"count":1,"href":"https:\/\/zonaroja.com.mx\/index.php?rest_route=\/wp\/v2\/posts\/58820\/revisions"}],"predecessor-version":[{"id":58827,"href":"https:\/\/zonaroja.com.mx\/index.php?rest_route=\/wp\/v2\/posts\/58820\/revisions\/58827"}],"wp:featuredmedia":[{"embeddable":true,"href":"https:\/\/zonaroja.com.mx\/index.php?rest_route=\/wp\/v2\/media\/58835"}],"wp:attachment":[{"href":"https:\/\/zonaroja.com.mx\/index.php?rest_route=%2Fwp%2Fv2%2Fmedia&parent=58820"}],"wp:term":[{"taxonomy":"category","embeddable":true,"href":"https:\/\/zonaroja.com.mx\/index.php?rest_route=%2Fwp%2Fv2%2Fcategories&post=58820"},{"taxonomy":"post_tag","embeddable":true,"href":"https:\/\/zonaroja.com.mx\/index.php?rest_route=%2Fwp%2Fv2%2Ftags&post=58820"}],"curies":[{"name":"wp","href":"https:\/\/api.w.org\/{rel}","templated":true}]}}