{"id":58821,"date":"2023-08-17T16:47:00","date_gmt":"2023-08-17T21:47:00","guid":{"rendered":"http:\/\/www.zonaroja.com.mx\/?p=58821"},"modified":"2023-08-17T08:55:38","modified_gmt":"2023-08-17T13:55:38","slug":"la-seccion-22-impone-de-nuevo-directores-en-el-ieepo","status":"publish","type":"post","link":"https:\/\/zonaroja.com.mx\/?p=58821","title":{"rendered":"La Secci\u00f3n 22 impone de nuevo directores en el IEEPO"},"content":{"rendered":"\n<p>Yuridiana Sosa\/Zona Roja. Foto: Archivo.<\/p>\n\n\n\n<p>Oaxaca de Ju\u00e1rez, Oax., a 17 de agosto de 2023.- La Escuela Normal Superior Federal de Oaxaca (ENSFO) prepara el relevo para la direcci\u00f3n y subdirecci\u00f3n escolar, para lo cual ya emiti\u00f3 la convocatoria que cierra el 18 de agosto y proyecta el proceso de elecci\u00f3n para el 20 de agosto.<\/p>\n\n\n\n<p>Para este proceso, la Secretar\u00eda de Trabajo y Conflictos del Nivel Formadores de Docentes de la Secci\u00f3n 22 del SNTE convoc\u00f3 a participar al personal de la planta permanente de la ENSFO, quienes deber\u00e1n presentar, entre los requisitos, t\u00edtulo y c\u00e9dula profesional de maestr\u00eda o doctorado en educaci\u00f3n o \u00e1reas a fines; curr\u00edculum vitae y documentos comprobatorios.<\/p>\n\n\n\n<p>La convocatoria, para ambos puestos por un periodo de tres a\u00f1os, fue publicada en las p\u00e1ginas oficiales del Cencos de la Secci\u00f3n 22 del SNTE, en la cual se muestra que, como criterios de selecci\u00f3n, la solicitud deber\u00e1 ser presentada a la subdirecci\u00f3n administrativa de la ENSFO, a la delegaci\u00f3n Sindical D-II 214 y a la representaci\u00f3n del Consejo Estudiantil de la escuela normal.<\/p>\n\n\n\n<p>Los candidatos deben ser docentes de la planta permanente de la ENSFO, tener 10 a\u00f1os de servicio como m\u00ednimo en el nivel de formadores de docentes; as\u00ed como presentar una propuesta de trabajo, constancia y participaci\u00f3n sindical con un m\u00ednimo de 80 por ciento; no haber violentado los principios del Movimiento Democr\u00e1tico de los Trabajadores de la Educaci\u00f3n del Estado de Oaxaca (MDTEO) y de la ENSFO y no tener pronunciamientos de dicho movimiento y de la escuela.<\/p>\n\n\n\n<p>Entre proceso de selecci\u00f3n se contempla que las entrevistas a los candidatos que cubran con los requisitos se realizar\u00e1 el 20 de agosto a las 10:00 horas por parte de tres representantes de la Delegaci\u00f3n Sindical, tres representantes del Consejo Estudiantil y el Nivel de Formadores de Docentes de la Secci\u00f3n 22, en el auditorio \u201cJacobo Herrera Salazar\u201d del edificio hist\u00f3rico de la gremial.<\/p>\n\n\n\n<p>Mientras que el proceso de elecci\u00f3n se llevar\u00e1 a cabo con la participaci\u00f3n de una comisi\u00f3n integrada por el Nivel de Formadores de Docentes, tres integrantes de la Delegaci\u00f3n Sindical y tres integrantes del Consejo Estudiantil con la presencia de una representaci\u00f3n de la Comisi\u00f3n Pol\u00edtica el 20 de agosto al t\u00e9rmino de las entrevistas.<\/p>\n\n\n\n<p>En tanto que la reuni\u00f3n de la elecci\u00f3n ser\u00e1 presidida por la Secretar\u00eda de Trabajos y Conflictos del Nivel de Formadores de Docentes y el sistema de votaci\u00f3n ser\u00e1 nominal abierta; primero se elegir\u00e1 al director o directora y despu\u00e9s el puesto de subdirector acad\u00e9mico.<\/p>\n\n\n\n<p>Los resultados de la elecci\u00f3n se dar\u00e1n a conocer a los integrantes que conforman la instituci\u00f3n educativa y tambi\u00e9n ser\u00e1n difundidos de manera p\u00fablica en la p\u00e1gina virtual del Cencos.<\/p>\n\n\n\n<p>En la convocatoria se advirti\u00f3 que los casos no previstos en la presente convocatoria ser\u00e1n resueltos por la Secretar\u00eda de Trabajos y Conflictos del Nivel de Formadores de Docentes.<\/p>\n\n\n\n<p>Con este proceso se prev\u00e9 que los diferentes conflictos al interior de la instituci\u00f3n se puedan superar, uno de esto el de garantizar la documentaci\u00f3n para la titulaci\u00f3n.&nbsp;<\/p>\n","protected":false},"excerpt":{"rendered":"<p>Yuridiana Sosa\/Zona Roja. Foto: Archivo. Oaxaca de Ju\u00e1rez, Oax., a 17 de agosto de 2023.-&hellip;<\/p>\n","protected":false},"author":2,"featured_media":49022,"comment_status":"closed","ping_status":"open","sticky":false,"template":"","format":"standard","meta":{"_lmt_disableupdate":"","_lmt_disable":"","_jetpack_memberships_contains_paid_content":false,"footnotes":""},"categories":[109,47],"tags":[312],"class_list":["post-58821","post","type-post","status-publish","format-standard","has-post-thumbnail","hentry","category-minuto-a-minuto","category-zona-gris","tag-seccion-22-del-snte"],"jetpack_featured_media_url":"https:\/\/zonaroja.com.mx\/wp-content\/uploads\/2022\/12\/Marcha-Seccion-22-reunion-con-Salomon-Jara.jpg","jetpack_sharing_enabled":true,"_links":{"self":[{"href":"https:\/\/zonaroja.com.mx\/index.php?rest_route=\/wp\/v2\/posts\/58821","targetHints":{"allow":["GET"]}}],"collection":[{"href":"https:\/\/zonaroja.com.mx\/index.php?rest_route=\/wp\/v2\/posts"}],"about":[{"href":"https:\/\/zonaroja.com.mx\/index.php?rest_route=\/wp\/v2\/types\/post"}],"author":[{"embeddable":true,"href":"https:\/\/zonaroja.com.mx\/index.php?rest_route=\/wp\/v2\/users\/2"}],"replies":[{"embeddable":true,"href":"https:\/\/zonaroja.com.mx\/index.php?rest_route=%2Fwp%2Fv2%2Fcomments&post=58821"}],"version-history":[{"count":1,"href":"https:\/\/zonaroja.com.mx\/index.php?rest_route=\/wp\/v2\/posts\/58821\/revisions"}],"predecessor-version":[{"id":58822,"href":"https:\/\/zonaroja.com.mx\/index.php?rest_route=\/wp\/v2\/posts\/58821\/revisions\/58822"}],"wp:featuredmedia":[{"embeddable":true,"href":"https:\/\/zonaroja.com.mx\/index.php?rest_route=\/wp\/v2\/media\/49022"}],"wp:attachment":[{"href":"https:\/\/zonaroja.com.mx\/index.php?rest_route=%2Fwp%2Fv2%2Fmedia&parent=58821"}],"wp:term":[{"taxonomy":"category","embeddable":true,"href":"https:\/\/zonaroja.com.mx\/index.php?rest_route=%2Fwp%2Fv2%2Fcategories&post=58821"},{"taxonomy":"post_tag","embeddable":true,"href":"https:\/\/zonaroja.com.mx\/index.php?rest_route=%2Fwp%2Fv2%2Ftags&post=58821"}],"curies":[{"name":"wp","href":"https:\/\/api.w.org\/{rel}","templated":true}]}}