{"id":58823,"date":"2023-08-17T16:55:00","date_gmt":"2023-08-17T21:55:00","guid":{"rendered":"http:\/\/www.zonaroja.com.mx\/?p=58823"},"modified":"2023-08-17T08:57:19","modified_gmt":"2023-08-17T13:57:19","slug":"consorcio-oaxaca-veinte-anos-entre-aguas-mansas-y-turbulentas","status":"publish","type":"post","link":"https:\/\/zonaroja.com.mx\/?p=58823","title":{"rendered":"Consorcio Oaxaca:\u00a0veinte a\u00f1os entre aguas mansas y turbulentas"},"content":{"rendered":"\n<p>Soledad Jarqu\u00edn Edgar*<\/p>\n\n\n\n<p>Hace veinte a\u00f1os conoc\u00ed a Ana Mar\u00eda Hern\u00e1ndez C\u00e1rdenas, quien hab\u00eda decidido tomar nuevos aires en Oaxaca. La vi entrar a una reuni\u00f3n convocada por ella para presentarse con otras feministas&nbsp;radicadas en&nbsp;la capital oaxaque\u00f1a&nbsp;y anunciar el inicio de un proyecto&nbsp;que al tiempo tuvo nombre:&nbsp;Consorcio para el Di\u00e1logo Parlamentario y la Equidad Oaxaca.&nbsp;<\/p>\n\n\n\n<p>Con soltura y amabilidad&nbsp;ofreci\u00f3 sumarse al trabajo por los derechos humanos de las mujeres. Sus ojos vivaces ten\u00edan entusiasmo, sonre\u00eda a cada tanto, pisaba el terreno con cautela, era claro:&nbsp;no ten\u00eda duda de emprender un nuevo aliento. La recuerdo empujando una carriola y dentro de ella, la peque\u00f1a Maya que,&nbsp;como la organizaci\u00f3n que naci\u00f3 en 2003, ha crecido.<\/p>\n\n\n\n<p>La tierra de&nbsp;Oaxaca&nbsp;est\u00e1 abonada por sus&nbsp;precedentes hist\u00f3ricos de&nbsp;luchas sociales,&nbsp;en las cuales las mujeres no hab\u00edan sido nunca convidadas de piedra, lo que dio origen al nacimiento de organizaciones feministas desde finales de los setenta&nbsp;y m\u00e1s tarde a&nbsp;la consolidaci\u00f3n de otros espacios de la sociedad civil enfocados a la urgencia de defender los derechos humanos, dadas las condiciones impuestas por malos gobiernos y cacicazgos.&nbsp;En medio de esa tierra,Consorcio Oaxaca ha germinado.<\/p>\n\n\n\n<p>La formaci\u00f3n&nbsp;profesional, su&nbsp;experiencia&nbsp;pol\u00edtica de izquierda y&nbsp;feminista desde muy joven&nbsp;han sido&nbsp;ejes fundamentales en su andar, uno donde no se puede dejar de lado su&nbsp;generosa sensibilidad&nbsp;y que&nbsp;ha tenido que ver en sus alcances&nbsp;esa mezcla real de \u201clo personal es pol\u00edtico\u201d. Al hacer un balance, hace ya 11 a\u00f1os durante una entrevista para \u201cLas Caracolas\u201d,&nbsp;afirm\u00f3&nbsp;con humildad que en Oaxaca las mujeres&nbsp;ind\u00edgenas y la espiritualidad de sus pueblos&nbsp;cambiaron su perspectiva feminista&nbsp;y, yo dir\u00eda que sumaron a la mujer insumisa que ya era.&nbsp;Definida como h\u00e1bil e inteligente puede&nbsp;cruzar las aguas mansas y&nbsp;las&nbsp;turbulentas de un oc\u00e9ano llamado Oaxaca.<\/p>\n\n\n\n<p>A su primera tarea de fijar el rumbo,&nbsp;que no debi\u00f3 ser f\u00e1cil,&nbsp;se sum\u00f3 la segunda parte, consolidar el equipo, lo que logr\u00f3 al lado de una compa\u00f1era&nbsp;con la que por d\u00e9cadas trabaj\u00f3 y luch\u00f3 con \u00e9xito en otros proyectos: Pilar&nbsp;MuriedasJu\u00e1rez&nbsp;y,&nbsp;m\u00e1s tarde,&nbsp;una joven abogada, feminista, defensora de derechos humanos:&nbsp;Y\u00e9sica&nbsp;S\u00e1nchez Maya. Tres mujeres que nacieron subsecuentemente en tres d\u00e9cadas diferentes del siglo veinte atravesadas en los mismos territorios&nbsp;de sus ideas y anhelos.&nbsp;Las tres, hasta el&nbsp;retiro de Pilar hace unos meses, conformaron el equipo directivo de la organizaci\u00f3n donde hoy laboran m\u00e1s de treinta mujeres.<\/p>\n\n\n\n<p>En 2006, Consorcio Oaxaca jug\u00f3 un papel muy importante que catapultar\u00eda a la organizaci\u00f3n en lo subsecuente. En aquel tiempo definido como una \u201crevuelta oaxaque\u00f1a\u201d,&nbsp;donde parte de la&nbsp;sociedad sali\u00f3 a la calle tras un brutal desalojo de integrantes del magisterio que hab\u00eda ocupado el primer cuadro de la ciudad durante un plant\u00f3n.&nbsp;<\/p>\n\n\n\n<p>La organizaci\u00f3n fue,&nbsp;en muchos sentidos,&nbsp;una especie de bisagra&nbsp;con otros organismos de la sociedad,&nbsp;quienes coincid\u00edan en los excesos de la respuesta violenta&nbsp;del gobierno priista encabezado por Ulises Ruiz Ortiz.&nbsp;<\/p>\n\n\n\n<p>De ah\u00ed que fueron&nbsp;portavoz permanente de la sociedad inconforme desde una perspectiva pol\u00edtica, s\u00ed, pero tambi\u00e9n humana. Una articulaci\u00f3n necesaria&nbsp;frente a los&nbsp;repetidos&nbsp;excesos cometidos por cuerpos de seguridad&nbsp;que pretend\u00eda apagar el incendio provocado&nbsp;con la gasolina del propio&nbsp;palacio de gobierno.&nbsp;&nbsp;<\/p>\n\n\n\n<p>La historia ha quedado escrita. En aquellos d\u00edas aciagos para Oaxaca, Consorcio Oaxaca, a veces desde la vocer\u00eda de Ana Mar\u00eda Hern\u00e1ndez C\u00e1rdenas y en otras desde el Colectivo&nbsp;Huaxyacac, fue&nbsp;parte del contrapeso al poder y me refiero a todos los poderes.&nbsp;<\/p>\n\n\n\n<p>Cito dos ejemplos: El entonces arzobispo de Oaxaca, Jos\u00e9 Luis Ch\u00e1vez Botello, en un acto desafortunado compar\u00f3 la&nbsp;situaci\u00f3n pol\u00edtica-social&nbsp;con un parto de alto riesgo.&nbsp;Su met\u00e1fora no es correcta&nbsp;porque atenta contra el libre albedr\u00edo de las mujeres.&nbsp;Respondi\u00f3 la feminista.&nbsp;<\/p>\n\n\n\n<p>Con una diferencia de d\u00edas, consider\u00f3 que la no desaparici\u00f3n de poderes en Oaxaca,&nbsp;como hab\u00eda determinado el Senado de la Rep\u00fablica:&nbsp;se sembraban m\u00e1s espinas en el camino&nbsp;y&nbsp;llam\u00f3&nbsp;c\u00f3mplices&nbsp;a los legisladores por no responder a Oaxaca. O, como sucedi\u00f3 en m\u00e1s de una ocasi\u00f3n, Consorcio se sum\u00f3 al rechazo del uso de la fuerza p\u00fablica, la incesante amenaza de la militarizaci\u00f3n&nbsp;y&nbsp;llamaron al di\u00e1logo para terminar con el conflicto pol\u00edtico social que dej\u00f3 sangre y dolor entre la ciudadan\u00eda.&nbsp;<\/p>\n\n\n\n<p>Para&nbsp;la directiva&nbsp;de Consorcio nada ha sido miel sobre hojuelas. En 2009, un presidente municipal priista, decidi\u00f3 revocar un acuerdo de Cabildo y retir\u00f3 el nombramiento de&nbsp;Ciudadana Distinguida&nbsp;que se entregar\u00eda a&nbsp;Y\u00e9sica&nbsp;S\u00e1nchez Maya, la consideraba&nbsp;enemiga&nbsp;del gobierno, esto como consecuencia de lo ocurrido tres a\u00f1os atr\u00e1s, significaba que el dinosaurio segu\u00eda herido, el poder estaba lastimado.&nbsp;<\/p>\n\n\n\n<p>Han sido acusadas de guerrilleras&nbsp;y&nbsp;rid\u00edculamente de esconder armas&nbsp;en comentarios de opini\u00f3n cuyas campa\u00f1as ven\u00edan del mismo lugar de siempre para desprestigiarlas.&nbsp;<\/p>\n\n\n\n<p>Apenas unos a\u00f1os atr\u00e1s, quiz\u00e1 a la mitad de su camino, fueron acusadas tambi\u00e9n por fuentes an\u00f3nimas por supuesto\u00a0\u201cfinanciamiento indebido\u201d, uno que nunca se comprob\u00f3 y hace dos a\u00f1osrecibieron una amenaza \u201cpresuntamente de un cartel\u201d, adem\u00e1s del allanamiento, en dos ocasiones,\u00a0de sus oficinas. Todas respuestas de un poder\u00a0que fue lacerado con palabras.<\/p>\n\n\n\n<figure class=\"wp-block-image size-full\"><a href=\"http:\/\/www.zonaroja.com.mx\/wp-content\/uploads\/2023\/08\/Consorcio-Oaxaca-1.jpeg\" data-rel=\"penci-gallery-image-content\" ><img decoding=\"async\" width=\"1000\" height=\"843\" src=\"http:\/\/www.zonaroja.com.mx\/wp-content\/uploads\/2023\/08\/Consorcio-Oaxaca-1.jpeg\" alt=\"\" class=\"wp-image-58825\" srcset=\"https:\/\/zonaroja.com.mx\/wp-content\/uploads\/2023\/08\/Consorcio-Oaxaca-1.jpeg 1000w, https:\/\/zonaroja.com.mx\/wp-content\/uploads\/2023\/08\/Consorcio-Oaxaca-1-300x253.jpeg 300w, https:\/\/zonaroja.com.mx\/wp-content\/uploads\/2023\/08\/Consorcio-Oaxaca-1-768x647.jpeg 768w, https:\/\/zonaroja.com.mx\/wp-content\/uploads\/2023\/08\/Consorcio-Oaxaca-1-585x493.jpeg 585w\" sizes=\"(max-width: 1000px) 100vw, 1000px\" \/><\/a><\/figure>\n\n\n\n<p>LOGROS A LA VISTA<\/p>\n\n\n\n<p>Hay&nbsp;en su misi\u00f3n&nbsp;una marcada incidencia con las y los legisladores aliados con los derechos humanos de las mujeres&nbsp;desde el surgimiento de la organizaci\u00f3n. Dos ejemplos concretos: Han contribuido a la despenalizaci\u00f3n de la&nbsp;interrupci\u00f3n legal del embarazo.&nbsp;<\/p>\n\n\n\n<p>En 2004, fueron determinantes en la denuncia p\u00fablica contra personal directivo y m\u00e9dico de un hospital p\u00fablico al dilatar el derecho al aborto de una joven embarazada&nbsp;como resultado de una violaci\u00f3n.&nbsp;Revisar la historia es importante, la demanda por el derecho al aborto fue constante.&nbsp;<\/p>\n\n\n\n<p>El 25 de septiembre de 2019, finalmente, en Oaxaca se aprob\u00f3 la interrupci\u00f3n legal del embarazo hasta la semana n\u00famero doce. Es, sin duda,&nbsp;la conclusi\u00f3n de la suma de esfuerzos de tres generaciones de mujeres y donde Consorcio Oaxaca hab\u00eda tenido al menos diecis\u00e9is a\u00f1os de&nbsp;incidencia.<\/p>\n\n\n\n<p>En 2005, Oaxaca es parte de los once estados de la Rep\u00fablica mexicana en los cuales se realiza un estudio sobre el feminicidio, impulsado por la Comisi\u00f3n Especial para Conocer y dar Seguimiento a las Investigaciones Relacionadas con los Feminicidios en la Rep\u00fablica Mexicana y a la Procuraci\u00f3n de Justicia Vinculada, de la C\u00e1mara de Diputados&nbsp;federal, encabezada por&nbsp;la diputada y feminista&nbsp;Marcela&nbsp;Lagarde.&nbsp;<\/p>\n\n\n\n<p>El estudio revel\u00f3 que efectivamente el fen\u00f3meno del feminicidio estaba presente tambi\u00e9n en esta entidad, un hecho que las feministas hab\u00edan denunciado desde tiempo atr\u00e1s.&nbsp;En 2006, tambi\u00e9n contribuy\u00f3\u2013 junto con otras instancias de gobierno y organizaciones en la derogaci\u00f3n del \u201chomicidio por honor\u201d, derivado del asesinato de Mar\u00eda Luisa \u2013ocurrido en 2004- a manos de su pareja,&nbsp;Heriberto Antonio,&nbsp;quien recibi\u00f3 una rid\u00edcula sanci\u00f3n de tres a\u00f1os y fue absuelto antes de cumplir los dos a\u00f1os de prisi\u00f3n \u201cpor buena conducta\u201d.&nbsp;<\/p>\n\n\n\n<p>Una tarea que contin\u00fao hasta conseguir diversas leyes a favor del derecho de las mujeres a vivir sin violencia y la tipificaci\u00f3n del delito aut\u00f3nomo del feminicidio en 2012.&nbsp;Adem\u00e1s de ser art\u00edfice de la elaboraci\u00f3n de protocolos de actuaci\u00f3n para la atenci\u00f3n de la violencia feminicida y el feminicidio.<\/p>\n\n\n\n<p>Acompa\u00f1ar&nbsp;ha sido una tarea m\u00e1s all\u00e1 de lo material. Cada una de sus integrantes asumen esa labor con respeto y profesionalismo. Llegar a Consorcio cualquier d\u00eda, significa que alguien te dar\u00e1 la bienvenida, te ofrecer\u00e1 un vaso de agua, pero, sobre todo, te dar\u00e1 un abrazo.&nbsp;<\/p>\n\n\n\n<p>Esta ha sido la otra gran aportaci\u00f3n para las v\u00edctimas directas e indirectas que&nbsp;acompa\u00f1an. Ah\u00ed yo llegu\u00e9 y les dej\u00e9 gran parte del peso de mi carga, del peso en que se traduce el dolor por la p\u00e9rdida, el no entender por qu\u00e9 ha sucedido, la sensaci\u00f3n del profundo vac\u00edo que no se&nbsp;comprende como resultado de la impunidad que hiere y vuelve a asesinar.&nbsp;<\/p>\n\n\n\n<p>Soy beneficiaria de Consorcio Oaxaca, lo he experimentado y vivido y me siento agradecida&nbsp;por el respaldo y el enorme trabajo que han significado a\u00f1os de exigencia de&nbsp;#JusticiaParaSol&nbsp;en ese caminar juntas, desdoblando esquinas.&nbsp;Como lo han hecho ellas mismas, entre las aguas mansas y turbulentas del mar de la impunidad.&nbsp;<\/p>\n\n\n\n<p>Otra tarea innovadora&nbsp;impulsada por Consorcio&nbsp;es la que trasciende fronteras. Primero a trav\u00e9s de la creaci\u00f3n de la Iniciativa&nbsp;Mesoamericana de Mujeres Defensoras de Derechos Humanos, de donde retoman la idea y mejoran de acuerdo a las circunstancias una metodolog\u00eda&nbsp;para sanar el miedo, la culpa o la rabia o las tres emociones juntas.&nbsp;<\/p>\n\n\n\n<p>Un estar contigo con la ayuda de otras mujeres y encontrar el lugar de una misma. Cuidarse, auto protegerse no deb\u00eda estar distante de la tarea de una defensora y ellas han encontrado mediante ese&nbsp;abrazo&nbsp;el lugar id\u00f3neo para salvaguardar la vida desde el&nbsp;alma,&nbsp;serenamente.<\/p>\n\n\n\n<p>No cabe duda, desde lo personal, porque esto est\u00e1 escrito desde lo personal, puedo agradecer el giro que la vida le dio a Ana Mar\u00eda&nbsp;quien&nbsp;decidi\u00f3&nbsp;cambiar de aires&nbsp;escogiendo Oaxaca por alguna raz\u00f3n que desconozco. Agradezco que Consorcio Oaxaca haya crecido. Agradezco la fortaleza adquirida con mujeres como Pilar, bruja buena y sabia, y&nbsp;que en&nbsp;ese tren&nbsp;que corre&nbsp;a toda velocidad,&nbsp;est\u00e9 el&nbsp;cerebro en calma, que es&nbsp;Y\u00e9sica. Agradezco tambi\u00e9n que&nbsp;ser h\u00e1bil, inteligente y poderosa&nbsp;no sean obst\u00e1culos para Ana Mar\u00eda, sino que vea en ello su poder,&nbsp;porque&nbsp;la cr\u00edtica&nbsp;es un tema no resuelto&nbsp;entre las mujeres.<\/p>\n\n\n\n<p>*Periodista y activista feminista.<\/p>\n","protected":false},"excerpt":{"rendered":"<p>Soledad Jarqu\u00edn Edgar* Hace veinte a\u00f1os conoc\u00ed a Ana Mar\u00eda Hern\u00e1ndez C\u00e1rdenas, quien hab\u00eda decidido&hellip;<\/p>\n","protected":false},"author":2,"featured_media":58824,"comment_status":"closed","ping_status":"open","sticky":false,"template":"","format":"standard","meta":{"_lmt_disableupdate":"","_lmt_disable":"","_jetpack_memberships_contains_paid_content":false,"footnotes":""},"categories":[109,46],"tags":[1093],"class_list":["post-58823","post","type-post","status-publish","format-standard","has-post-thumbnail","hentry","category-minuto-a-minuto","category-zona-blanca","tag-consorcio-para-el-dialogo-oaxaca"],"jetpack_featured_media_url":"https:\/\/zonaroja.com.mx\/wp-content\/uploads\/2023\/08\/Consorcio-Oaxaca.jpeg","jetpack_sharing_enabled":true,"_links":{"self":[{"href":"https:\/\/zonaroja.com.mx\/index.php?rest_route=\/wp\/v2\/posts\/58823","targetHints":{"allow":["GET"]}}],"collection":[{"href":"https:\/\/zonaroja.com.mx\/index.php?rest_route=\/wp\/v2\/posts"}],"about":[{"href":"https:\/\/zonaroja.com.mx\/index.php?rest_route=\/wp\/v2\/types\/post"}],"author":[{"embeddable":true,"href":"https:\/\/zonaroja.com.mx\/index.php?rest_route=\/wp\/v2\/users\/2"}],"replies":[{"embeddable":true,"href":"https:\/\/zonaroja.com.mx\/index.php?rest_route=%2Fwp%2Fv2%2Fcomments&post=58823"}],"version-history":[{"count":1,"href":"https:\/\/zonaroja.com.mx\/index.php?rest_route=\/wp\/v2\/posts\/58823\/revisions"}],"predecessor-version":[{"id":58826,"href":"https:\/\/zonaroja.com.mx\/index.php?rest_route=\/wp\/v2\/posts\/58823\/revisions\/58826"}],"wp:featuredmedia":[{"embeddable":true,"href":"https:\/\/zonaroja.com.mx\/index.php?rest_route=\/wp\/v2\/media\/58824"}],"wp:attachment":[{"href":"https:\/\/zonaroja.com.mx\/index.php?rest_route=%2Fwp%2Fv2%2Fmedia&parent=58823"}],"wp:term":[{"taxonomy":"category","embeddable":true,"href":"https:\/\/zonaroja.com.mx\/index.php?rest_route=%2Fwp%2Fv2%2Fcategories&post=58823"},{"taxonomy":"post_tag","embeddable":true,"href":"https:\/\/zonaroja.com.mx\/index.php?rest_route=%2Fwp%2Fv2%2Ftags&post=58823"}],"curies":[{"name":"wp","href":"https:\/\/api.w.org\/{rel}","templated":true}]}}