{"id":58834,"date":"2023-08-17T20:13:18","date_gmt":"2023-08-18T01:13:18","guid":{"rendered":"http:\/\/www.zonaroja.com.mx\/?p=58834"},"modified":"2023-08-17T20:13:22","modified_gmt":"2023-08-18T01:13:22","slug":"crece-presencia-de-migrantes-en-oaxaca-gobierno-dice-atender-y-congreso-llama-a-protegerlos","status":"publish","type":"post","link":"https:\/\/zonaroja.com.mx\/?p=58834","title":{"rendered":"Crece presencia de migrantes en Oaxaca; gobierno dice atender y Congreso llama a protegerlos"},"content":{"rendered":"\n<p>Yuridiana Sosa\/Zona Roja. Foto: Archivo<\/p>\n\n\n\n<p>Oaxaca de Ju\u00e1rez, Oax., a 17 de agosto de 2023.- Tanto en las regiones como en la capital del estado, la presencia de poblaci\u00f3n migrante es cada vez m\u00e1s visible en Oaxaca; tan s\u00f3lo en la ciudad es cotidiano ver a diversos grupos, o en lo individual, que claman por atenci\u00f3n de la ciudadan\u00eda para sobrevivir al d\u00eda.<\/p>\n\n\n\n<p>Esta situaci\u00f3n ha puesto en alerta a los gobiernos para realizar algunas acciones que contribuyan a su atenci\u00f3n, aunque la demanda sobrepasa sus capacidades.<\/p>\n\n\n\n<p>Ayer el secretario de Gobierno de Oaxaca, Jes\u00fas Romero L\u00f3pez, reconoci\u00f3 el dif\u00edcil panorama, ante el cual han establecido 80 puntos para ayudar y atender a los migrantes a su paso por la entidad.<\/p>\n\n\n\n<p>Entre los meses de mayo y agosto, dijo, se tuvo una afluencia de m\u00e1s de 56 mil migrantes que pasaron por territorio oaxaque\u00f1o, con presencia en las regiones del Istmo, Valles Centrales, Mixteca, Costa y Cuenca.<\/p>\n\n\n\n<p>Fue en el municipio de San Pedro Tapanatepec, en el Istmo, donde por acuerdo con el gobierno federal y municipal, se estableci\u00f3 un m\u00f3dulo migratorio con servicios b\u00e1sicos, desde ba\u00f1os, atenci\u00f3n m\u00e9dica b\u00e1sica y proporcionar agua y alg\u00fan alimento.<\/p>\n\n\n\n<p>NO CRIMINALIZAR AYUDA<\/p>\n\n\n\n<p>El tema de migraci\u00f3n lleg\u00f3 al Congreso de Oaxaca en la sesi\u00f3n ordinaria de ayer, desde donde se demand\u00f3 a las autoridades federales y estatales una atenci\u00f3n m\u00e1s humanizada y respeto a los derechos humanos de los migrantes y no criminalizar la ayuda humanitaria.<\/p>\n\n\n\n<p>La diputada Mar\u00eda Luisa Matus Fuentes, por el PRI, present\u00f3 un punto de acuerdo para exhortar a la Secretar\u00eda de Gobernaci\u00f3n para que el Instituto Nacional de Migraci\u00f3n (INM) pongan en operaci\u00f3n un programa de informaci\u00f3n sobre los derechos de los migrantes y se establezcan puntos de abastecimiento de agua y servicios sanitarios para la comunidad migrante.<\/p>\n\n\n\n<figure class=\"wp-block-embed is-type-rich is-provider-twitter wp-block-embed-twitter\"><div class=\"wp-block-embed__wrapper\">\n<div class=\"twitter-tweet\"><blockquote class=\"twitter-tweet\" data-lang=\"es\"><p lang=\"es\" dir=\"ltr\">Y hoy el presidente municipal de Oaxaca de Ju\u00e1rez, <a href=\"https:\/\/twitter.com\/FMartinezNeri?ref_src=twsrc%5Etfw\">@FMartinezNeri<\/a>, reconoci\u00f3 un crecimiento importante de migrantes en la capital. <br>Sin embargo, hasta el momento no tiene ning\u00fan a estrategia ni atenci\u00f3n humanitaria para las personas en tr\u00e1nsito rumbo al norte del pa\u00eds. <a href=\"https:\/\/t.co\/6dzniHmUo1\">pic.twitter.com\/6dzniHmUo1<\/a><\/p>&mdash; Zona Roja Oaxaca (@ZonaRoja_Oaxaca) <a href=\"https:\/\/twitter.com\/ZonaRoja_Oaxaca\/status\/1692328966311338180?ref_src=twsrc%5Etfw\">18 de agosto de 2023<\/a><\/blockquote><\/div>\n<\/div><\/figure>\n\n\n\n<p>Pero tambi\u00e9n, se\u00f1al\u00f3 como importante exhortar a la Secretar\u00eda de Gobierno de Oaxaca y a la Secretar\u00eda de Protecci\u00f3n Ciudadana para que los cuerpos de seguridad p\u00fablica, estatal, as\u00ed como la Guardia Nacional no criminalicen a quienes sin remuneraci\u00f3n brindan ayuda humanitaria a la comunidad migrante.<\/p>\n\n\n\n<p>EDIL NO PUEDE<\/p>\n\n\n\n<p>Por otra parte, aunque el presidente de Oaxaca de Ju\u00e1rez, Francisco Mart\u00ednez Neri, reconoci\u00f3 la situaci\u00f3n que enfrenta la capital ante la abundante presencia de migrantes, expres\u00f3 que no cuentan con lo necesario para ofrecer una basta y adecuada atenci\u00f3n a esa poblaci\u00f3n.<\/p>\n\n\n\n<p>\u201cLo que estamos viendo materialmente es que est\u00e1n llegando m\u00e1s migrantes y lo observadnos lo mismo en la Central Camionera que en el Perif\u00e9rico y otros lados; eso es un asunto que nos concierne a la Federaci\u00f3n, al Estado y al municipio.<\/p>\n\n\n\n<p>\u201cPero s\u00ed es un asunto que hay que considerar porque la semana pasada ocurri\u00f3 un hecho de ciertas divergencias con gente que vive en esos lugares en donde se asientan los visitantes temporales, entonces creo son temas que debemos atender con mayor cuidado.<\/p>\n\n\n\n<p>\u201cS\u00ed es muy lastimoso ver c\u00f3mo los ni\u00f1os, las mujeres, est\u00e1n en plena lluvia y van en un camino tan largo; hay tanta desesperanza en ellos que se expone la vida por llegar a un destino y entonces tenemos que facilitar.<\/p>\n\n\n\n<p>\u201cAqu\u00ed la cuesti\u00f3n es es la forma en que podamos facilitar ese apoyo; ya lo hemos platicado con el gobierno, no hemos podido concretar pero seguramente se van a ir incrementando\u201d, dijo el edil capitalino; no obstante, hasta el momento no ha considerado alguna medida para brindar ese apoyo.<\/p>\n","protected":false},"excerpt":{"rendered":"<p>Yuridiana Sosa\/Zona Roja. Foto: Archivo Oaxaca de Ju\u00e1rez, Oax., a 17 de agosto de 2023.-&hellip;<\/p>\n","protected":false},"author":2,"featured_media":47049,"comment_status":"closed","ping_status":"open","sticky":false,"template":"","format":"standard","meta":{"_lmt_disableupdate":"","_lmt_disable":"","_jetpack_memberships_contains_paid_content":false,"footnotes":""},"categories":[109,47],"tags":[],"class_list":["post-58834","post","type-post","status-publish","format-standard","has-post-thumbnail","hentry","category-minuto-a-minuto","category-zona-gris"],"jetpack_featured_media_url":"https:\/\/zonaroja.com.mx\/wp-content\/uploads\/2022\/10\/Migrantes-Tapanatepec-venezolanos.jpeg","jetpack_sharing_enabled":true,"_links":{"self":[{"href":"https:\/\/zonaroja.com.mx\/index.php?rest_route=\/wp\/v2\/posts\/58834","targetHints":{"allow":["GET"]}}],"collection":[{"href":"https:\/\/zonaroja.com.mx\/index.php?rest_route=\/wp\/v2\/posts"}],"about":[{"href":"https:\/\/zonaroja.com.mx\/index.php?rest_route=\/wp\/v2\/types\/post"}],"author":[{"embeddable":true,"href":"https:\/\/zonaroja.com.mx\/index.php?rest_route=\/wp\/v2\/users\/2"}],"replies":[{"embeddable":true,"href":"https:\/\/zonaroja.com.mx\/index.php?rest_route=%2Fwp%2Fv2%2Fcomments&post=58834"}],"version-history":[{"count":1,"href":"https:\/\/zonaroja.com.mx\/index.php?rest_route=\/wp\/v2\/posts\/58834\/revisions"}],"predecessor-version":[{"id":58838,"href":"https:\/\/zonaroja.com.mx\/index.php?rest_route=\/wp\/v2\/posts\/58834\/revisions\/58838"}],"wp:featuredmedia":[{"embeddable":true,"href":"https:\/\/zonaroja.com.mx\/index.php?rest_route=\/wp\/v2\/media\/47049"}],"wp:attachment":[{"href":"https:\/\/zonaroja.com.mx\/index.php?rest_route=%2Fwp%2Fv2%2Fmedia&parent=58834"}],"wp:term":[{"taxonomy":"category","embeddable":true,"href":"https:\/\/zonaroja.com.mx\/index.php?rest_route=%2Fwp%2Fv2%2Fcategories&post=58834"},{"taxonomy":"post_tag","embeddable":true,"href":"https:\/\/zonaroja.com.mx\/index.php?rest_route=%2Fwp%2Fv2%2Ftags&post=58834"}],"curies":[{"name":"wp","href":"https:\/\/api.w.org\/{rel}","templated":true}]}}